{"id":3523,"date":"2024-12-17T10:30:00","date_gmt":"2024-12-17T09:30:00","guid":{"rendered":"https:\/\/www.lospaziobianco.it\/lospaziodisney\/?p=3523"},"modified":"2024-12-15T00:12:51","modified_gmt":"2024-12-14T23:12:51","slug":"almanacco-topolino-21-dic-gen-feb-marzo-2025","status":"publish","type":"post","link":"https:\/\/www.lospaziobianco.it\/lospaziodisney\/2024\/12\/17\/almanacco-topolino-21-dic-gen-feb-marzo-2025\/","title":{"rendered":"Almanacco Topolino #21 (dic.-gen.-feb.-marzo 2025)"},"content":{"rendered":"\n<p>Bentornati su <strong>Lo Spazio Disney<\/strong>!<\/p>\n<p><strong><img loading=\"lazy\" decoding=\"async\" class=\"alignright size-full wp-image-3526\" src=\"http:\/\/www.lospaziobianco.it\/lospaziodisney\/wp-content\/uploads\/sites\/36\/2024\/12\/Almanacco_Topolino_21_1cover.jpg\" alt=\"Almanacco Topolino 21 1cover\" width=\"350\" height=\"481\" srcset=\"https:\/\/www.lospaziobianco.it\/lospaziodisney\/wp-content\/uploads\/sites\/36\/2024\/12\/Almanacco_Topolino_21_1cover.jpg 350w, https:\/\/www.lospaziobianco.it\/lospaziodisney\/wp-content\/uploads\/sites\/36\/2024\/12\/Almanacco_Topolino_21_1cover-218x300.jpg 218w\" sizes=\"auto, (max-width: 350px) 100vw, 350px\" \/>Il nuovo numero di <em>Almanacco Topolino<\/em><\/strong>, come d&#8217;abitudine nel mese di dicembre e contrariamente a quanto indicato nel <em>next<\/em> dell&#8217;uscita precedente, \u00e8 arrivato in edicola con qualche settimana di anticipo rispetto al suo giorno regolare, per sfruttare il periodo festivo al fine di vendere qualche copia in pi\u00f9 a lettori occasionali. In effetti, nei dicembre della mia infanzia, i miei genitori erano pi\u00f9 propensi a comprarmi qualche periodico disneyano in pi\u00f9 rispetto al resto dell&#8217;anno, che spesso sceglievo in base alla copertina natalizia pi\u00f9 accattivante, per cui la strategia potrebbe avere il suo perch\u00e9.<br \/>Quest&#8217;anno la distribuzione ha deciso per un anticipo ancora maggiore del solito, che si aggirava attorno all&#8217;Immacolata: stavolta invece abbiamo un nuovo numero di fatto a soli due mesi netti dal precedente, col rovescio della medaglia di avere il prossimo fra ben QUATTRO mesi!<\/p>\n<p><img loading=\"lazy\" decoding=\"async\" class=\"alignleft size-full wp-image-3527\" src=\"http:\/\/www.lospaziobianco.it\/lospaziodisney\/wp-content\/uploads\/sites\/36\/2024\/12\/Almanacco_Topolino_21_3.jpeg\" alt=\"Almanacco Topolino 21 3\" width=\"286\" height=\"400\" srcset=\"https:\/\/www.lospaziobianco.it\/lospaziodisney\/wp-content\/uploads\/sites\/36\/2024\/12\/Almanacco_Topolino_21_3.jpeg 286w, https:\/\/www.lospaziobianco.it\/lospaziodisney\/wp-content\/uploads\/sites\/36\/2024\/12\/Almanacco_Topolino_21_3-215x300.jpeg 215w\" sizes=\"auto, (max-width: 286px) 100vw, 286px\" \/>Preamboli temporali a parte, e con una copertina che richiama da vicino &#8211; senza un reale motivo &#8211; quella di due anni fa realizzata per rispecchiare i festeggiamenti interni degli anniversari a cifra tonda di Zio Paperone e Gastone, <strong>l&#8217;albo si fa notare immediatamente per una considerazione che si pu\u00f2 fare fin dalla lettura del sommario: la risicatissima quantit\u00e0 di inedite presenti.<\/strong><br \/>Per quanto si notasse gi\u00e0 da qualche tempo una leggera riduzione delle pagine dedicate a storie straniere mai pubblicate in Italia, non si era ancora arrivati ad avere solamente un\u2019avventura e quattro <em>one-page<\/em>. <strong>\u00c8 troppo poco, secondo me, per una testata che doveva avere e di fatto aveva come scopo principale quello di ospitare debutti italiani di fumetti Disney realizzati per i Paesi del Nord Europa o per altre nazioni del mondo.<\/strong><br \/>Una scelta che mi rifiuto di credere venga dal curatore <strong>Marco Travaglini<\/strong> e che pi\u00f9 probabilmente risponde a delle esigenze redazionali, magari squisitamente economiche: sono certo che si tratta di motivazioni rispettabilissime e magari \u201cobbligate\u201d, per necessit\u00e0 di budget o di altro fattori, ma \u00e8 veramente un peccato che va a snaturare il core stesso del prodotto.<br \/>A onor del vero, occorre per\u00f2 evidenziare per correttezza che quell&#8217;unica storia \u00e8 pi\u00f9 lunga della media <strong>Egmont<\/strong>: con la sua trentina di pagine equivale circa a tre di durata standard, e questo forse mi riappacifica un po&#8217; con la scelta. Ma il colpo d&#8217;occhio \u00e8 stato traumatico ????<\/p>\n<p><img loading=\"lazy\" decoding=\"async\" class=\"alignright size-full wp-image-3532\" src=\"http:\/\/www.lospaziobianco.it\/lospaziodisney\/wp-content\/uploads\/sites\/36\/2024\/12\/Almanacco_Topolino_21_6.png\" alt=\"Almanacco Topolino 21 6\" width=\"262\" height=\"400\" srcset=\"https:\/\/www.lospaziobianco.it\/lospaziodisney\/wp-content\/uploads\/sites\/36\/2024\/12\/Almanacco_Topolino_21_6.png 262w, https:\/\/www.lospaziobianco.it\/lospaziodisney\/wp-content\/uploads\/sites\/36\/2024\/12\/Almanacco_Topolino_21_6-197x300.png 197w\" sizes=\"auto, (max-width: 262px) 100vw, 262px\" \/>Comunque sia, <em><strong>Zio Paperone e il cronoviaggio natalizio<\/strong><\/em> di di <strong>Knut N\u00e6rum, Tormod L\u00f8kling<\/strong> e <strong>Arild Midthun<\/strong> \u00e8 un&#8217;avventura in tema con le Feste di fine anno, anche se il Natale appare pi\u00f9 come contesto sullo sfondo che come parte attiva ai fini della trama.<br \/>Gli autori vanno a rimestare nuovamente nell&#8217;ormai usurata biografia ufficiale di Paperon de\u2019 Paperoni cos\u00ec come raccontata da <strong>Don Rosa<\/strong>, immaginando un misterioso viaggiatore del tempo che torna nel passato per sottrarre allo Zione tesori e oggetti fondamentali ottenuti in giovent\u00f9, al fine di cambiare il suo status nel presente.<br \/>Un <em>plot<\/em> per certi versi ambizioso, e sono contento che per una volta sia stato concesso agli sceneggiatori egmontiani il giusto spazio per svilupparlo senza svilirlo, ma che in fondo si basa su un humus che inizia a diventare quasi morboso, nella sua concentrazione.<br \/><strong>Mi chiedo, tra Nord Europa e Italia, quanto si possa sfruculiare in quegli episodi, con vari artifizi o ampliando taluni aneddoti, prima di arrivare a un punto di non ritorno.<\/strong><br \/>Questo sia detto come considerazione personale, tra l&#8217;altro su un approccio che venticinque anni fa era invece il massimo per me, smanioso di cogliere tutti i riferimenti alle storie di <strong>Carl Barks<\/strong> inseriti da Don Rosa, ma che oramai \u00e8 diventato un vero e proprio trend.<br \/>Inoltre c&#8217;\u00e8 da considerare che lo stesso Rosa aveva fatto una cosa simile &#8211; con i sogni anzich\u00e9 con i viaggi nel tempo &#8211; ne <em>Il sogno di una vita<\/em>, che analogamente a questa <em>Cronoviaggio natalizio<\/em> fungeva da pretesto per ripresentare talune scene della <em>$aga<\/em> o dell&#8217;epopea barksiana.<br \/>Sia come sia, <strong>la storia di per s\u00e9 intrattiene e funziona, la strana coppia formata da Paperino e Miss Paperett ha il suo perch\u00e9 e differenzia taluni passaggi narrativi rispetto alla classica presenza dei nipotini e la narrazione ha un ottimo equilibrio tra azione, divertimento e commozione<\/strong>.<br \/>Non ultimo, i disegni di Midthun impreziosiscono la vicenda: l&#8217;ispirazione barksiana \u00e8 utile per la mimesi di alcune scene prese da <em>La corona perduta di Gengis Khan<\/em> e da <em>La Stella del Polo<\/em>, <strong>il tratto \u00e8 armonico e guizzante nel ritrarre Paperino e nell&#8217;illustrare i momenti pi\u00f9 concitati e anche la griglia opta per soluzioni fantasiose e apprezzabili.<\/strong><br \/>In definitiva, un bel regalo di Natale per i lettori di <em>Almanacco<\/em>, cos\u00ec come le tavole autoconclusive di <strong>Carlo Gentina<\/strong>, naturalmente, tutte selezionate a tema invernale e Festivo e tutte godibili (<strong><em>Lo spazzaneve automatico<\/em><\/strong> e <strong><em>Fuochi d&#8217;artificio<\/em><\/strong> le migliori).<\/p>\n<p><img loading=\"lazy\" decoding=\"async\" class=\"alignright size-full wp-image-3528\" src=\"http:\/\/www.lospaziobianco.it\/lospaziodisney\/wp-content\/uploads\/sites\/36\/2024\/12\/Almanacco_Topolino_21_5.jpeg\" alt=\"Almanacco Topolino 21 5\" width=\"270\" height=\"400\" srcset=\"https:\/\/www.lospaziobianco.it\/lospaziodisney\/wp-content\/uploads\/sites\/36\/2024\/12\/Almanacco_Topolino_21_5.jpeg 270w, https:\/\/www.lospaziobianco.it\/lospaziodisney\/wp-content\/uploads\/sites\/36\/2024\/12\/Almanacco_Topolino_21_5-203x300.jpeg 203w\" sizes=\"auto, (max-width: 270px) 100vw, 270px\" \/>A tema natalizio figurano anche alcune ristampe: approvo per esempio <em><strong>Paperino e le padelle multiuso<\/strong><\/em>, gi\u00e0 pubblicata su un vecchio <em>Mega 2000<\/em> e poi sullo storico <em>Zio Paperone<\/em>. <strong>Vicar<\/strong> disegna amabilmente una sceneggiatura di <strong>Dave Rawson<\/strong> di stampo decisamente classico con un Donald perfettamente in parte, che viene mostrato arrabattarsi con difficolt\u00e0 nel mestiere di venditore porta a porta e poi di addobbatore del grande abete nel parco, finch\u00e9 non tira fuori la propria inventiva ottenendo un lieto fine.<strong> Semplice ma deliziosa.<\/strong><br \/>Ci sono poi due one-page di Barks ambientate durante la <em>jolly season<\/em>, sempre fresche nel loro essere piacevolmente dissacranti, che fanno il paio con il \u201c<em>Sorriso in pi\u00f9<\/em>\u201d della striscia di <strong>Bill Walsh<\/strong> e <strong>Floyd Gottfredson<\/strong> che usc\u00ec originariamente il 25 dicembre del 1958.<\/p>\n<p><img loading=\"lazy\" decoding=\"async\" class=\"alignleft size-full wp-image-3529\" src=\"http:\/\/www.lospaziobianco.it\/lospaziodisney\/wp-content\/uploads\/sites\/36\/2024\/12\/Almanacco_Topolino_21_2.jpeg\" alt=\"Almanacco Topolino 21 2\" width=\"276\" height=\"400\" srcset=\"https:\/\/www.lospaziobianco.it\/lospaziodisney\/wp-content\/uploads\/sites\/36\/2024\/12\/Almanacco_Topolino_21_2.jpeg 276w, https:\/\/www.lospaziobianco.it\/lospaziodisney\/wp-content\/uploads\/sites\/36\/2024\/12\/Almanacco_Topolino_21_2-207x300.jpeg 207w\" sizes=\"auto, (max-width: 276px) 100vw, 276px\" \/>Tra le storie italiane provenienti del vecchio <em>Almanacco Topolino<\/em>, si unisce ai festeggiamenti <em><strong>Topolino e il concerto di Natale<\/strong><\/em>, di <strong>Nicola Cornacchione<\/strong> e <strong>Alberico Motta<\/strong>: ha il pregio di aver visto poche ristampe nel corso degli anni e di avere tanto cuore. Non \u00e8 un&#8217;avventura indimenticabile, a tratti la sceneggiatura arranca e gira a vuoto, per\u00f2 <strong>ha i suoi momenti di spontanea leggerezza tra i personaggi &#8211; Tip che si nasconde un regalo sotto il maglione per aprirlo in anteprima, Pippo che ingaggia una battaglia a palle di neve con l&#8217;amico di sempre &#8211;<\/strong> che rendono particolarmente vivo il cast. <br \/>Il tratto di Motta ricorda un po&#8217; quello del <strong>Marco Rota<\/strong> di quegli anni, con un segno morbido e batuffoloso che diventa particolarmente riuscito quando raffigura la neve che copre le strade o che scende copiosa.<br \/>L&#8217;altra italiana <em>d\u2019antan<\/em> \u00e8 <strong><em>Zio Paperone e il ritorno dell&#8217;avvocato<\/em><\/strong>, di <strong>Pier Carpi<\/strong> e <strong>Giovan Battista Carpi<\/strong>: questa \u00e8 fuori stagione, ma la sua presenza \u00e8 apprezzabile dal momento che costituisce il sequel di <em>Zio Paperone e le bande rivali<\/em> vista nel numero scorso. In s\u00e9 non \u00e8 niente di che, ma ha il pregio di mostrare i disegni carpiani degli anni Sessanta.<\/p>\n<p><img loading=\"lazy\" decoding=\"async\" class=\"alignright size-full wp-image-3530\" src=\"http:\/\/www.lospaziobianco.it\/lospaziodisney\/wp-content\/uploads\/sites\/36\/2024\/12\/Almanacco_Topolino_21_4.jpeg\" alt=\"Almanacco Topolino 21 4\" width=\"256\" height=\"400\" srcset=\"https:\/\/www.lospaziobianco.it\/lospaziodisney\/wp-content\/uploads\/sites\/36\/2024\/12\/Almanacco_Topolino_21_4.jpeg 256w, https:\/\/www.lospaziobianco.it\/lospaziodisney\/wp-content\/uploads\/sites\/36\/2024\/12\/Almanacco_Topolino_21_4-192x300.jpeg 192w\" sizes=\"auto, (max-width: 256px) 100vw, 256px\" \/>Il fiore all&#8217;occhiello dell&#8217;albo, comunque, \u00e8 <strong><em>Mary Poppins<\/em><\/strong>: la riduzione a fumetti di uno dei film pi\u00f9 importanti della produzione Disney non aveva pi\u00f9 goduto di nessuna ripubblicazione italiana dopo l&#8217;esordio su <em>Topolino<\/em> #515 del 1965 e, in occasione dei 60 anni dal debutto statunitense della pellicola Travaglini ha ben pensato di riproporla.<br \/>Come sempre in queste occasioni, la sceneggiatura segue fedelmente la trama del film e quindi non \u00e8 in questo il suo plus, quanto nella <strong>capacit\u00e0 di portare in vignette il ritmo della narrazione vista sul grande schermo. Ci riesce parzialmente, dovendo per\u00f2 considerare che la storia viene sintetizzata in appena una trentina di pagine, andando di fatto molto veloce in alcuni punti. Lo spirito fantastico viene per\u00f2 preservato e cos\u00ec i caratteri dei protagonisti<\/strong>, paradossalmente in maniera migliore la famiglia Banks rispetto alla protagonista.<br \/>I disegni in stile verista di <strong>Mike Arens<\/strong> costituiscono per\u00f2 il vero motivo di fascino di questo recupero: l&#8217;artista cattura efficacemente le fattezze di <strong>Julie Andrews<\/strong>, di <strong>Dick Van Dyke<\/strong> e di <strong>David Tomlinson<\/strong>, avvicinando tantissimo le tavole a fumetti ai fotogrammi filmati.<br \/>Il colore smarmellato dell&#8217;epoca non aiuta ad apprezzare il lavoro di Arens, a dirla tutta, ma <strong>l&#8217;alternanza con pagine in bianco e nero permette di godere di un tratto pulito, chiaro e attento ai dettagli, soprattutto nei visi dei personaggi.<\/strong><\/p>\n<p><img loading=\"lazy\" decoding=\"async\" class=\"size-full wp-image-3533 alignleft\" src=\"http:\/\/www.lospaziobianco.it\/lospaziodisney\/wp-content\/uploads\/sites\/36\/2024\/12\/Almanacco_Topolino_21_7.jpeg\" alt=\"Almanacco Topolino 21 7\" width=\"285\" height=\"400\" srcset=\"https:\/\/www.lospaziobianco.it\/lospaziodisney\/wp-content\/uploads\/sites\/36\/2024\/12\/Almanacco_Topolino_21_7.jpeg 285w, https:\/\/www.lospaziobianco.it\/lospaziodisney\/wp-content\/uploads\/sites\/36\/2024\/12\/Almanacco_Topolino_21_7-214x300.jpeg 214w\" sizes=\"auto, (max-width: 285px) 100vw, 285px\" \/>La storia \u00e8 ben introdotta da un articolo di Marco Travaglini, che disserta dottamente della pellicola e delle sue trasposizioni fumettistiche, svelando l&#8217;esistenza di un altro adattamento &#8211; inedito in Italia &#8211; oltre a quello presentato su <em>Almanacco<\/em>. Sono informazioni interessanti di cui non avevo conoscenza e di cui quindi sono grato a Marco.<br \/>Il curatore fa un buonissimo lavoro anche nell&#8217;introduzione al <em>Cronoviaggio natalizio<\/em>, mettendo in fila per bene tutti i riferimenti contenuti nella storia norvegese, e in quella alle storie italiane, che vengono contestualizzate efficacemente.<br \/><strong>La prosa di Travaglini si conferma scorrevole, chiara e concisa come nei due numeri precedenti, fornendo una buona guida di viaggio al pubblico.<\/strong><\/p>\n<p>A quanto pare, dal prossimo numero &#8211; che attendo in particolare per la versione a fumetti de <em>I tre Caballeros<\/em> &#8211; verr\u00e0 allegata una card collezionabile per ogni albo del 2025, con l&#8217;evoluzione stilistica di Paperino: operazione curiosa &#8211; in passato la testata aveva avuto allegati solo quando ne erano coinvolte molte altre, per monete e medaglie, mentre in questo caso l&#8217;iniziativa pare cucita su misura per le sole <em>Almanacco Topolino<\/em> e <em>I Classici Disney<\/em> &#8211; che non cambia di una virgola la mia esperienza con la pubblicazione, ma che perlomeno sembrerebbe assicurarle esistenza per tutto il prossimo anno, sperando che la mossa possa dare un&#8217;iniezione di vendite e prolungare ulteriormente la presenza in edicola della serie.<br \/>Dal canto mio, per sicurezza specificher\u00f2 al mio edicolante di tenermene sempre una copia da parte, non si sa mai\u2026<\/p>\n","protected":false},"excerpt":{"rendered":"<p>Il nostro Bramo commenta il numero invernale di \u201cAlmanacco Topolino\u201d.<\/p>\n","protected":false},"author":327,"featured_media":3524,"comment_status":"open","ping_status":"open","sticky":false,"template":"","format":"standard","meta":{"slim_seo":{"title":"Almanacco Topolino #21 (dic.-gen.-feb.-marzo 2025) - Lo Spazio Disney","description":"Il nostro Bramo commenta il numero invernale di \u201cAlmanacco Topolino\u201d."},"footnotes":""},"categories":[194,13],"tags":[111,206,155,216],"class_list":["post-3523","post","type-post","status-publish","format-standard","has-post-thumbnail","hentry","category-recensioni","category-testate-disney","tag-almanacco-topolino","tag-arild-midthun","tag-carlo-gentina","tag-marco-travaglini"],"_links":{"self":[{"href":"https:\/\/www.lospaziobianco.it\/lospaziodisney\/wp-json\/wp\/v2\/posts\/3523","targetHints":{"allow":["GET"]}}],"collection":[{"href":"https:\/\/www.lospaziobianco.it\/lospaziodisney\/wp-json\/wp\/v2\/posts"}],"about":[{"href":"https:\/\/www.lospaziobianco.it\/lospaziodisney\/wp-json\/wp\/v2\/types\/post"}],"author":[{"embeddable":true,"href":"https:\/\/www.lospaziobianco.it\/lospaziodisney\/wp-json\/wp\/v2\/users\/327"}],"replies":[{"embeddable":true,"href":"https:\/\/www.lospaziobianco.it\/lospaziodisney\/wp-json\/wp\/v2\/comments?post=3523"}],"version-history":[{"count":0,"href":"https:\/\/www.lospaziobianco.it\/lospaziodisney\/wp-json\/wp\/v2\/posts\/3523\/revisions"}],"wp:featuredmedia":[{"embeddable":true,"href":"https:\/\/www.lospaziobianco.it\/lospaziodisney\/wp-json\/wp\/v2\/media\/3524"}],"wp:attachment":[{"href":"https:\/\/www.lospaziobianco.it\/lospaziodisney\/wp-json\/wp\/v2\/media?parent=3523"}],"wp:term":[{"taxonomy":"category","embeddable":true,"href":"https:\/\/www.lospaziobianco.it\/lospaziodisney\/wp-json\/wp\/v2\/categories?post=3523"},{"taxonomy":"post_tag","embeddable":true,"href":"https:\/\/www.lospaziobianco.it\/lospaziodisney\/wp-json\/wp\/v2\/tags?post=3523"}],"curies":[{"name":"wp","href":"https:\/\/api.w.org\/{rel}","templated":true}]}}