{"id":3283,"date":"2024-07-11T10:30:00","date_gmt":"2024-07-11T08:30:00","guid":{"rendered":"https:\/\/www.lospaziobianco.it\/lospaziodisney\/?p=3283"},"modified":"2024-07-08T22:25:51","modified_gmt":"2024-07-08T20:25:51","slug":"almanacco-topolino-19-luglio-agosto-settembre-2024","status":"publish","type":"post","link":"https:\/\/www.lospaziobianco.it\/lospaziodisney\/2024\/07\/11\/almanacco-topolino-19-luglio-agosto-settembre-2024\/","title":{"rendered":"Almanacco Topolino #19 (luglio-agosto-settembre 2024)"},"content":{"rendered":"\n<p>Bentornati su <strong>Lo Spazio Disney<\/strong>!<\/p>\n<p><img loading=\"lazy\" decoding=\"async\" class=\"alignright size-full wp-image-3285\" src=\"http:\/\/www.lospaziobianco.it\/lospaziodisney\/wp-content\/uploads\/sites\/36\/2024\/07\/Almanacco_Topolino_19_cover.jpg\" alt=\"Almanacco Topolino 19 Cover\" width=\"350\" height=\"481\" srcset=\"https:\/\/www.lospaziobianco.it\/lospaziodisney\/wp-content\/uploads\/sites\/36\/2024\/07\/Almanacco_Topolino_19_cover.jpg 350w, https:\/\/www.lospaziobianco.it\/lospaziodisney\/wp-content\/uploads\/sites\/36\/2024\/07\/Almanacco_Topolino_19_cover-218x300.jpg 218w\" sizes=\"auto, (max-width: 350px) 100vw, 350px\" \/>La trimestralit\u00e0 assunta da <em>Almanacco Topolino<\/em> inizia a farsi sentire, per quanto mi riguarda: mi sembra una vita fa che ho letto il numero precedente e l&#8217;ho commentato qui sul blog! <br \/>L&#8217;albo estivo &#8211; giacch\u00e9 ormai si pu\u00f2 ragionare per stagioni, con la cadenza di pubblicazione &#8211; si presenta inoltre con una curatela inedita: l&#8217;editoriale \u00e8 infatti firmato da <strong>Marco Travaglini<\/strong> e non da <strong>Davide Del Gusto<\/strong>, e nei <em>credits<\/em> si apprende in effetti che il buon Marchese si \u00e8 occupato stavolta solo della concezione del volume e della selezione delle storie, lasciando al collega il compito di scrivere gli articoli informativi e di divulgazione. Probabilmente la quantit\u00e0 di lavoro assegnata a Del Gusto nel periodo di preparazione di questo albo era tale da richiedere che la redazione gli affiancasse qualcuno per aiutarlo.<br \/>Confidando che si tratti solamente di ci\u00f2, devo dire che come lettori non ne abbiamo un danno: <strong>Travaglini riesce nell&#8217;arduo compito di non far rimpiangere Davide perch\u00e9, pur con un approccio leggermente diverso, compone dei testi interessanti, completi, puntuali e in grado di accompagnare degnamente le sezioni e i fumetti in sommario.<\/strong><br \/>In particolare l&#8217;excursus su Paperino, l&#8217;introduzione al nuovo <em>Diario di Paperone<\/em> e quella alle storie sull&#8217;Indipendenza americana sono assai piacevoli e centrati.<\/p>\n<p><img loading=\"lazy\" decoding=\"async\" class=\"alignleft size-full wp-image-3286\" src=\"http:\/\/www.lospaziobianco.it\/lospaziodisney\/wp-content\/uploads\/sites\/36\/2024\/07\/Almanacco_Topolino_19_5.jpeg\" alt=\"Almanacco Topolino 19 5\" width=\"276\" height=\"400\" srcset=\"https:\/\/www.lospaziobianco.it\/lospaziodisney\/wp-content\/uploads\/sites\/36\/2024\/07\/Almanacco_Topolino_19_5.jpeg 276w, https:\/\/www.lospaziobianco.it\/lospaziodisney\/wp-content\/uploads\/sites\/36\/2024\/07\/Almanacco_Topolino_19_5-207x300.jpeg 207w\" sizes=\"auto, (max-width: 276px) 100vw, 276px\" \/>Doveroso e preciso, pur nella sua sintesi, \u00e8 anche il pezzo che precede <strong><em>Paperino e le delizie del mare<\/em><\/strong>, di <strong>Alfredo Castelli<\/strong> e <strong>Giuseppe Perego<\/strong>, tutto teso a ricordare quel pilastro del fumetto italiano che era Castelli, passato a miglior vita qualche mese fa. La storia \u00e8 molto simpatica, lontana dall&#8217;indole avventurosa che \u00e8 propria del suo <em>Martin Mystere<\/em> e che contraddistingueva un&#8217;altra sua celebre storia <strong>Disney<\/strong> (<em>Topolino e il triangolo delle Bermude<\/em>) ma fedelmente legata alle gag spassose e ben dosate apprese dalla lezione di <strong>Carl Barks<\/strong>. L&#8217;accanimento nei confronti del povero Paperino, coinvolto in un pacchetto-vacanze economicamente vantaggioso ma dai servizi tutt&#8217;altro che soddisfacenti, arriva forse a vette quasi eccessive, in fondo per\u00f2 figlie dei tempi; in ogni caso si sghignazza di gusto in pi\u00f9 occasioni e neanche il tratto di Perego pu\u00f2 guastare tale godibile esito.<br \/>Anzi, le tipiche espressioni contrariate che dipinge sul becco del protagonista sono particolarmente convincenti nel trasmettere la comica frustrazione del personaggio.<\/p>\n<p><img loading=\"lazy\" decoding=\"async\" class=\"alignright size-full wp-image-3288\" src=\"http:\/\/www.lospaziobianco.it\/lospaziodisney\/wp-content\/uploads\/sites\/36\/2024\/07\/Almanacco_Topolino_19_7b.jpeg\" alt=\"Almanacco Topolino 19 7b\" width=\"259\" height=\"372\" srcset=\"https:\/\/www.lospaziobianco.it\/lospaziodisney\/wp-content\/uploads\/sites\/36\/2024\/07\/Almanacco_Topolino_19_7b.jpeg 259w, https:\/\/www.lospaziobianco.it\/lospaziodisney\/wp-content\/uploads\/sites\/36\/2024\/07\/Almanacco_Topolino_19_7b-209x300.jpeg 209w\" sizes=\"auto, (max-width: 259px) 100vw, 259px\" \/>Paperino \u00e8 ovviamente protagonista anche nella parte centrale del numero dedicata alla inedite, che cade nel pieno delle celebrazioni per il Nostro.<br \/><strong><em>Paperino Paperotto in: una trappola per Tom<\/em><\/strong>, di <strong>Kari Korhonen<\/strong> e <strong>Ignasi Calvet Esteban<\/strong>, \u00e8 molto interessante perch\u00e9 porta per la prima volta in Italia l\u2019universo narrativo di Quack Town (nato da noi nel 1999 grazie al <em>concept<\/em> di <strong>Bruno Enna, Diego Fasano e Paola Mulazzi<\/strong>) secondo la visione degli artisti del Nord Europa.<br \/>\u00c8 il buon Korhonen, uno dei due artisti-feticcio dell&#8217;<em>Almanacco<\/em> targato Panini insieme a Arild Midthun, a scrivere uno spaccato di vita quotidiana del piccolo Donald, e devo dire che la storia si rivela piuttosto fedele allo spirito iniziale, con un approccio simpatico e fresco.<br \/>Lo sceneggiatore si concentra sullo scontro tra Paperino e il bullo Tom, con il primo che cerca di rendere evidente a Nonna Papera quanto il secondo sia un pessimo soggetto tramite un articolato piano messo in piedi insieme all&#8217;amico Louis.<br \/><strong>Lo scenario e il cast originario vengono quindi rispettati e cos\u00ec lo spirito del progetto. Ho qualche riserva in pi\u00f9 sui disegni di Esteban che, pur piacevoli come sempre, per alcuni comprimari vanno un po&#8217; fuori design.<\/strong><\/p>\n<p><img loading=\"lazy\" decoding=\"async\" class=\"alignleft size-full wp-image-3289\" src=\"http:\/\/www.lospaziobianco.it\/lospaziodisney\/wp-content\/uploads\/sites\/36\/2024\/07\/Almanacco_Topolino_19_8.jpeg\" alt=\"Almanacco Topolino 19 8\" width=\"278\" height=\"400\" srcset=\"https:\/\/www.lospaziobianco.it\/lospaziodisney\/wp-content\/uploads\/sites\/36\/2024\/07\/Almanacco_Topolino_19_8.jpeg 278w, https:\/\/www.lospaziobianco.it\/lospaziodisney\/wp-content\/uploads\/sites\/36\/2024\/07\/Almanacco_Topolino_19_8-209x300.jpeg 209w\" sizes=\"auto, (max-width: 278px) 100vw, 278px\" \/>Ci sono poi tre <em>one-page<\/em> che affondano le radici nei cortometraggi animati di cui Paperino era star: <strong><em>Paperino e Meo Porcello \/ Paperino &#8211; L\u2019arte del baratto \/ Topolino, Paperino e Pippo &#8211; L\u2019orologio del campanile<\/em><\/strong>, di <strong>Evert Geradts, Carmen Perez<\/strong> e <strong>Tony Fernandez<\/strong>, sono di fatto tre gag ambientate rispettivamente nel <em>setting<\/em> de <em>La gallinella saggia<\/em>, di <em>Don Donald<\/em> e de <em>I pulitori di orologi<\/em>, con un piglio molto aderente a quel tipo di narrazione e quel gusto per il divertimento pi\u00f9 genuino e semplice che riesce a funzionare brillantemente anche su carta.<br \/>Questo anche grazie alle matite di Tony Fernandez, particolarmente rispettose di un feeling vagamente vintage che ben si presta all&#8217;occasione.<br \/><strong>Si tratta di tre chicche lodevoli che mi \u00e8 piaciuto trovare qui, insieme a un&#8217;altra storia di una sola tavola: <em>Paperino e la partita a tennis<\/em>, di Carl Barks e Tony Strobl, barksiana mai pubblicata prima in Italia e quindi vero e proprio evento in s\u00e9 e per s\u00e9.<\/strong><\/p>\n<p><img loading=\"lazy\" decoding=\"async\" class=\"alignright size-full wp-image-3290\" src=\"http:\/\/www.lospaziobianco.it\/lospaziodisney\/wp-content\/uploads\/sites\/36\/2024\/07\/Almanacco_Topolino_19_1.jpeg\" alt=\"Almanacco Topolino 19 1\" width=\"261\" height=\"369\" srcset=\"https:\/\/www.lospaziobianco.it\/lospaziodisney\/wp-content\/uploads\/sites\/36\/2024\/07\/Almanacco_Topolino_19_1.jpeg 261w, https:\/\/www.lospaziobianco.it\/lospaziodisney\/wp-content\/uploads\/sites\/36\/2024\/07\/Almanacco_Topolino_19_1-212x300.jpeg 212w\" sizes=\"auto, (max-width: 261px) 100vw, 261px\" \/>I festeggiamenti si concludono con <strong><em>Paperino in: Don Paperotte de la Mancha<\/em><\/strong>, di <strong>Frank Jonker<\/strong> e <strong>Bas Heymans<\/strong> e <strong><em>Paperino in: se vuoi un lavoro fatto bene\u2026<\/em><\/strong>, di <strong>Francois Corteggiani<\/strong>, <strong>Carmen Pereza<\/strong> e <strong>Marga Querol Manzano<\/strong>: nella prima Donald si convince di essere Don Chisciotte creando innumerevoli disastri ma riuscendo anche a salvare la situazione, mentre la seconda mette in scena l&#8217;ennesima controversia tra Paperino e il vicino Jones.<br \/>Si omaggia cos\u00ec il filone delle parodie, per quanto con qualcosa di \u201claterale\u201d in tal senso (e del resto la parodia \u201cufficiale\u201d dell&#8217;opera di <strong>Cervantes<\/strong> esiste gi\u00e0 grazie a <strong>Guido Martina e Pier Lorenzo De Vita<\/strong>), <strong>decisamente spumeggiante nello svolgimento e con un&#8217;apprezzabile vena di seraficit\u00e0 nei dialoghi dei personaggi<\/strong> costretti a osservare la follia impadronitasi del protagonista; e si celebra infine un altro importante <em>leit-motiv<\/em> come l&#8217;eterno scontro con il dirimpettaio, in un&#8217;escalation parossistica ben gestita.<br \/>Ai disegni, Heymans sfoggia il suo stile personale e dal sapore antico che dona un effetto allucinato effettivamente calzante per la vicenda che accompagna, mentre il tratto di Pereza e Manzano sposa con troppa fedelt\u00e0 l&#8217;estetica patinata della \u201cicona Paperino\u201d, quello del merchandising insomma, rendendo un po&#8217; troppo \u201cplasticosa\u201d e poco dinamica la resa finale.<\/p>\n<p><img loading=\"lazy\" decoding=\"async\" class=\"alignleft size-full wp-image-3291\" src=\"http:\/\/www.lospaziobianco.it\/lospaziodisney\/wp-content\/uploads\/sites\/36\/2024\/07\/Almanacco_Topolino_19_4.jpeg\" alt=\"Almanacco Topolino 19 4\" width=\"282\" height=\"400\" srcset=\"https:\/\/www.lospaziobianco.it\/lospaziodisney\/wp-content\/uploads\/sites\/36\/2024\/07\/Almanacco_Topolino_19_4.jpeg 282w, https:\/\/www.lospaziobianco.it\/lospaziodisney\/wp-content\/uploads\/sites\/36\/2024\/07\/Almanacco_Topolino_19_4-212x300.jpeg 212w\" sizes=\"auto, (max-width: 282px) 100vw, 282px\" \/>In occasione del 4 luglio, ci viene offerta una doppietta di storie <em>d\u2019antan<\/em> sul Giorno dell\u2019Indipendenza.<br \/><strong><em>Paperino e lo spirito del \u201876<\/em><\/strong>, di <strong>Riley Thomson<\/strong>, \u00e8 una sagace trasposizione dei valori americani, che portarono a quell\u2019importante svolta storica, nella realt\u00e0 moderna del 1950: come spesso accade, Paperino eccede nelle proprie buone intenzioni, si fa prendere la mano e Qui, Quo, Qua calcano la mano approfittando della situazione per complicare la vita allo zietto e dargli una lezione. <br \/><strong>Non c\u2019\u00e8 che dire, la storia \u00e8 dotata di un ritmo molto veloce, quasi da cortometraggio, effetto trasmesso non solo dalla sceneggiatura indiavolata ma anche dai disegni di Thomson<\/strong>, che in diversi accorgimenti cos\u00ec come nel modo di ritrarre le espressioni esasperate e sconvolte del protagonista avvicina molto la sua recitazione a quella delle opere viste sul grande schermo. Non dimostra minimamente i suoi anni, risultando freschissima e coinvolgente.<\/p>\n<p><em><strong><img loading=\"lazy\" decoding=\"async\" class=\"alignright size-full wp-image-3292\" src=\"http:\/\/www.lospaziobianco.it\/lospaziodisney\/wp-content\/uploads\/sites\/36\/2024\/07\/Almanacco_Topolino_19_3.jpeg\" alt=\"Almanacco Topolino 19 3\" width=\"277\" height=\"400\" srcset=\"https:\/\/www.lospaziobianco.it\/lospaziodisney\/wp-content\/uploads\/sites\/36\/2024\/07\/Almanacco_Topolino_19_3.jpeg 277w, https:\/\/www.lospaziobianco.it\/lospaziodisney\/wp-content\/uploads\/sites\/36\/2024\/07\/Almanacco_Topolino_19_3-208x300.jpeg 208w\" sizes=\"auto, (max-width: 277px) 100vw, 277px\" \/>Ben e io<\/strong><\/em>, di <strong>Frank Reilly<\/strong> e <strong>Manuel Gonzales<\/strong>, \u00e8 l\u2019adattamento dell\u2019omonimo mediometraggio disneyano del 1953 nel quale si immagina che <strong>Benjamin Franklin<\/strong> abbia come amico speciale il topolino Amos, che lo aiuta e consiglia nelle sue invenzioni come in situazioni storiche di grande rilievo.<br \/><strong>Una trama molto simpatica che Reilly trasporta in fumetto con grazia, pulizia e chiarezza, non facendo pesare troppo nemmeno le didascalie con cui Amos narra in prima persona la sua storia. Gonzales fa il resto, con un tratto elegante e disneyano nel senso pi\u00f9 puro e autentico del termine, tanto per gli esseri umani quanto per il topo antropomorfo.<\/strong><br \/>Un ottimo recupero che, dopo il debutto italiano sull\u2019<em>Almanacco Topolino<\/em> del 1972 aveva rivisto la luce solo una volta su <em>Disney anni d\u2019Oro<\/em> ormai quindici anni fa.<\/p>\n<p><img loading=\"lazy\" decoding=\"async\" class=\"alignleft size-full wp-image-3293\" src=\"http:\/\/www.lospaziobianco.it\/lospaziodisney\/wp-content\/uploads\/sites\/36\/2024\/07\/Almanacco_Topolino_19_2.jpeg\" alt=\"Almanacco Topolino 19 2\" width=\"280\" height=\"400\" srcset=\"https:\/\/www.lospaziobianco.it\/lospaziodisney\/wp-content\/uploads\/sites\/36\/2024\/07\/Almanacco_Topolino_19_2.jpeg 280w, https:\/\/www.lospaziobianco.it\/lospaziodisney\/wp-content\/uploads\/sites\/36\/2024\/07\/Almanacco_Topolino_19_2-210x300.jpeg 210w\" sizes=\"auto, (max-width: 280px) 100vw, 280px\" \/>Il terzo gruppo tematico \u00e8 dedicato a Rockerduck con un\u2019ulteriore inedita e con un classico italiano (bench\u00e9 proveniente dallo Studio Program).<br \/><strong><em>Rockerduck &#8211; L\u2019altro magnate di Paperopoli<\/em><\/strong>, di <strong>Maya Astrup<\/strong> e <strong>Flemming Andersen<\/strong>, \u00e8 una breve che segue un canovaccio piuttosto consolidato e noto ai lettori italiani: il suo motivo d\u2019interesse sta tutto nella provenienza egmontiana della storia, dove l\u2019uso del personaggio non \u00e8 per nulla consueto, ma <strong>Astrup ha evidentemente assimilato le caratteristiche del rivale in affari di Zio Paperone e ne restituisce una versione convincente.<\/strong> L\u2019impressione di trovarsi di fronte a una storia <em>made in Italy<\/em> \u00e8 acuita dallo stile di Andersen, con un&#8217;attitudine estetica pi\u00f9 vicina alla sensibilit\u00e0 degli artisti italiani che a quella nordeuropea fedele alla linea barksiana. <br \/><strong><em>Il giro del mondo in 80 stati d\u2019animo<\/em><\/strong>, di <strong>Dick Kinney<\/strong> e <strong>Romano Scarpa<\/strong>, \u00e8 invece un\u2019avventura ben pi\u00f9 stravagante, a tratti incoerente nel suo svolgimento e con diversi voli pindarici e licenze poetiche. Non mi ha convinto per nulla, <strong>una vicenda che non ha n\u00e9 un capo n\u00e9 una coda e che ho trovato a dir poco zoppicante, salvata parzialmente solo dai disegni di Scarpa, che pure appartengono a una delle sue fasi artistiche che meno prediligo.<\/strong><\/p>\n<p><img loading=\"lazy\" decoding=\"async\" class=\"alignright size-full wp-image-3294\" src=\"http:\/\/www.lospaziobianco.it\/lospaziodisney\/wp-content\/uploads\/sites\/36\/2024\/07\/Almanacco_Topolino_19_6.png\" alt=\"Almanacco Topolino 19 6\" width=\"276\" height=\"400\" srcset=\"https:\/\/www.lospaziobianco.it\/lospaziodisney\/wp-content\/uploads\/sites\/36\/2024\/07\/Almanacco_Topolino_19_6.png 276w, https:\/\/www.lospaziobianco.it\/lospaziodisney\/wp-content\/uploads\/sites\/36\/2024\/07\/Almanacco_Topolino_19_6-207x300.png 207w\" sizes=\"auto, (max-width: 276px) 100vw, 276px\" \/>Chiudo con <strong><em>I diari di Paperone &#8211; Sfida al college<\/em><\/strong>, di <strong>Kari Korhonen<\/strong>, che riporta la serie sul passato dello Zione sulle pagine di <em>Almanacco<\/em>: l\u2019episodio in questione ha esordito in Italia sul volume speciale contenuto nello <em>Scrigno<\/em> pubblicato lo scorso autunno, ma era doveroso un veloce passaggio in ristampa nella sede che ha ospitato tutte le precedenti puntate, prima di tornare a proporre le inedite del ciclo. Cos\u00ec sar\u00e0 anche per il prossimo numero, dove si riproporr\u00e0 la seconda e ultima avventura che ha debuttato in quel volume speciale.<br \/>Come ho gi\u00e0 avuto modo di dire, questa <em>The young McDuck Years<\/em> mi ha fin da subito convinto pi\u00f9 delle due <em>run<\/em> precedenti, soprattutto perch\u00e9 godendo di una foliazione maggiore ha permesso sviluppi pi\u00f9 articolati e soddisfacenti, permettendo all\u2019autore di comporre sceneggiature pi\u00f9 coese e mettendo in luce le sue potenzialit\u00e0.<br \/>Ci\u00f2 vale anche per questa <em>Sfida al college<\/em>, che introduce un <em>setting<\/em> e dinamiche narrative piuttosto inconsuete, pensando a quel periodo della vita di Paperone: tutto viene ovviamente contestualizzato con la solita perizia e attenzione alla cronologia, permettendo <strong>una variazione piacevole nella quale il protagonista riconferma la sua attitudine vincente in ogni contesto.<\/strong><\/p>\n<p>Insomma, un altro buon numero per la testata da edicola \u201cpura\u201d pi\u00f9 interessante e competente in circolazione, che come sempre consiglio caldamente ai lettori disneyani pi\u00f9 esigenti.<\/p>\n<h2>Bonus track<\/h2>\n<p>Lo scorso mese \u00e8 uscito sulle pagine virtuali del sito del <strong>Papersera<\/strong> un mio articolo a cui tengo particolarmente, se non altro perch\u00e9 ci ho investito molto in termini di tempo e attenzione nella sua stesura: <strong>un excursus sulla carriera di Paperino in occasione dei suoi 90 anni, dall&#8217;animazione al fumetto dei giorni nostri, tra apici e inciampi.<\/strong><br \/>Con l&#8217;occasione lo rilancio anche qui, enjoy!|<\/p>\n<p><blockquote class=\"wp-embedded-content\" data-secret=\"J512v6axEV\"><a href=\"https:\/\/www.papersera.net\/wp\/2024\/06\/09\/paperino-compie-90-anni\/\">Uno, nessuno e centomila Paperino<\/a><\/blockquote><iframe loading=\"lazy\" class=\"wp-embedded-content\" sandbox=\"allow-scripts\" security=\"restricted\" style=\"position: absolute; visibility: hidden;\" title=\"&#8220;Uno, nessuno e centomila Paperino&#8221; &#8212; Papersera\" src=\"https:\/\/www.papersera.net\/wp\/2024\/06\/09\/paperino-compie-90-anni\/embed\/#?secret=o6O8AcEwQ5#?secret=J512v6axEV\" data-secret=\"J512v6axEV\" width=\"600\" height=\"338\" frameborder=\"0\" marginwidth=\"0\" marginheight=\"0\" scrolling=\"no\"><\/iframe><\/p>\n","protected":false},"excerpt":{"rendered":"<p>Il nostro Bramo commenta il numero estivo di \u201cAlmanacco Topolino\u201d.<\/p>\n","protected":false},"author":327,"featured_media":3284,"comment_status":"open","ping_status":"open","sticky":false,"template":"","format":"standard","meta":{"slim_seo":{"title":"Almanacco Topolino #19 (luglio-agosto-settembre 2024) - Lo Spazio Disney","description":"Il nostro Bramo commenta il numero estivo di \u201cAlmanacco Topolino\u201d."},"footnotes":""},"categories":[194,13],"tags":[217,111,39,197,216],"class_list":["post-3283","post","type-post","status-publish","format-standard","has-post-thumbnail","hentry","category-recensioni","category-testate-disney","tag-alfredo-castelli","tag-almanacco-topolino","tag-davide-del-gusto","tag-kari-korhonen","tag-marco-travaglini"],"_links":{"self":[{"href":"https:\/\/www.lospaziobianco.it\/lospaziodisney\/wp-json\/wp\/v2\/posts\/3283","targetHints":{"allow":["GET"]}}],"collection":[{"href":"https:\/\/www.lospaziobianco.it\/lospaziodisney\/wp-json\/wp\/v2\/posts"}],"about":[{"href":"https:\/\/www.lospaziobianco.it\/lospaziodisney\/wp-json\/wp\/v2\/types\/post"}],"author":[{"embeddable":true,"href":"https:\/\/www.lospaziobianco.it\/lospaziodisney\/wp-json\/wp\/v2\/users\/327"}],"replies":[{"embeddable":true,"href":"https:\/\/www.lospaziobianco.it\/lospaziodisney\/wp-json\/wp\/v2\/comments?post=3283"}],"version-history":[{"count":0,"href":"https:\/\/www.lospaziobianco.it\/lospaziodisney\/wp-json\/wp\/v2\/posts\/3283\/revisions"}],"wp:featuredmedia":[{"embeddable":true,"href":"https:\/\/www.lospaziobianco.it\/lospaziodisney\/wp-json\/wp\/v2\/media\/3284"}],"wp:attachment":[{"href":"https:\/\/www.lospaziobianco.it\/lospaziodisney\/wp-json\/wp\/v2\/media?parent=3283"}],"wp:term":[{"taxonomy":"category","embeddable":true,"href":"https:\/\/www.lospaziobianco.it\/lospaziodisney\/wp-json\/wp\/v2\/categories?post=3283"},{"taxonomy":"post_tag","embeddable":true,"href":"https:\/\/www.lospaziobianco.it\/lospaziodisney\/wp-json\/wp\/v2\/tags?post=3283"}],"curies":[{"name":"wp","href":"https:\/\/api.w.org\/{rel}","templated":true}]}}