{"id":176561,"date":"2021-07-04T10:30:00","date_gmt":"2021-07-04T08:30:00","guid":{"rendered":"https:\/\/www.lospaziobianco.it\/laredazioneblog\/?p=176561"},"modified":"2021-07-01T21:27:58","modified_gmt":"2021-07-01T19:27:58","slug":"lo-spazio-bianco-live-calendario-luglio-2021","status":"publish","type":"post","link":"https:\/\/www.lospaziobianco.it\/laredazioneblog\/lo-spazio-bianco-live-calendario-luglio-2021\/","title":{"rendered":"Lo Spazio Bianco LIVE: calendario luglio 2021"},"content":{"rendered":"\n<p>Salve a tutti!<\/p>\n<p>Anche per luglio pubblichiamo <strong>un calendario delle live che verranno trasmesse sul <a href=\"https:\/\/www.twitch.tv\/lospaziobianco\">canale Twitch<\/a> e sulla <a href=\"https:\/\/www.facebook.com\/loSpazioBianco.it\">pagina Facebook<\/a> di Lo Spazio Bianco<\/strong> nel corso di questo mese, con il quale si conclude la seconda stagione delle nostre dirette streaming. Ad agosto infatti ci prenderemo una pausa dalle live, per tornare verso la seconda met\u00e0 di settembre pi\u00f9 carichi e pimpanti che mai!<\/p>\n<p>Vi ricordiamo che il calendario pu\u00f2 sempre subire variazioni dell&#8217;ultimo minuto, in particolare per quanto riguarda la sera della settimana preposta alla diretta streaming delle ultime uscite a fumetti (quella capitanata da <strong>Stefano &#8220;Steve Chelios&#8221;<\/strong> e <strong>Emanuele &#8220;Gibbo&#8221;<\/strong>, per intenderci): <strong>il giorno tradizionale \u00e8 infatti il mercoled\u00ec, ma possono sempre incorrere particolari esigenze per le quali viene spostata ad altri giorni, cos\u00ec come possono esserci settimane in cui salta o in cui viene trasmessa una puntata extra.<\/strong>\u00a0In quei casi far\u00e0 fede, ovviamente, la comunicazione settimanale sui nostri social, sempre sul pezzo.<\/p>\n<p>NB: la rubrica <strong>Quaderni bonelliani<\/strong> di <strong>Francesco e Giuseppe<\/strong> ha gi\u00e0 concluso la sua prima stagione lo scorso mese, avendo raddoppiato l&#8217;appuntamento di giugno.<\/p>\n<p><strong>MERCOLED\u00cc 7 LUGLIO<\/strong><br \/><strong data-rich-text-format-boundary=\"true\">Lo Spazio Bianco LIVE<\/strong>, con <strong>Stefano &#8220;Steve Chelios&#8221; e Emanuele &#8220;Gibbo&#8221;<\/strong><\/p>\n<p><strong>MARTED\u00cc 13 LUGLIO<\/strong><br \/><strong data-rich-text-format-boundary=\"true\">Lo Spazio Disney<\/strong>, con <strong>Andrea &#8220;Bramo&#8221;<\/strong>: ospiti (s\u00ec, al plurale) a sorpresa<\/p>\n<p><strong>MERCOLED\u00cc 14 LUGLIO<\/strong><br \/><strong data-rich-text-format-boundary=\"true\">Lo Spazio Bianco LIVE<\/strong>, con <strong>Stefano &#8220;Steve Chelios&#8221; e Emanuele &#8220;Gibbo&#8221;<\/strong><strong>\u00a0<\/strong><\/p>\n<p><strong>MERCOLED\u00cc 21 LUGLIO<\/strong><br \/><strong data-rich-text-format-boundary=\"true\">Lo Spazio Bianco LIVE<\/strong>, con <strong>Stefano &#8220;Steve Chelios&#8221; e Emanuele &#8220;Gibbo&#8221;<\/strong><\/p>\n<p><strong>GIOVED\u00cc 22 LUGLIO<\/strong><br \/><strong data-rich-text-format-boundary=\"true\">Born with the USA<\/strong>, con <strong>Emanuele &#8220;Gibbo&#8221;<\/strong>: ospite a sorpresa<\/p>\n<p><strong>MERCOLED\u00cc 28 LUGLIO<\/strong><br \/><strong data-rich-text-format-boundary=\"true\">Lo Spazio Bianco LIVE<\/strong>, con <strong>Stefano &#8220;Steve Chelios&#8221; e Emanuele &#8220;Gibbo&#8221;<\/strong><\/p>\n","protected":false},"excerpt":{"rendered":"<p>Ecco il calendario delle nostre live di luglio!<\/p>\n","protected":false},"author":495,"featured_media":176213,"comment_status":"open","ping_status":"open","sticky":false,"template":"","format":"standard","meta":{"slim_seo":{"title":"Lo Spazio Bianco LIVE: calendario luglio 2021 - Il blog di Redazione","description":"Ecco il calendario delle nostre live di luglio!"},"footnotes":""},"categories":[612],"tags":[633],"class_list":["post-176561","post","type-post","status-publish","format-standard","has-post-thumbnail","hentry","category-live","tag-calendario-live"],"_links":{"self":[{"href":"https:\/\/www.lospaziobianco.it\/laredazioneblog\/wp-json\/wp\/v2\/posts\/176561","targetHints":{"allow":["GET"]}}],"collection":[{"href":"https:\/\/www.lospaziobianco.it\/laredazioneblog\/wp-json\/wp\/v2\/posts"}],"about":[{"href":"https:\/\/www.lospaziobianco.it\/laredazioneblog\/wp-json\/wp\/v2\/types\/post"}],"author":[{"embeddable":true,"href":"https:\/\/www.lospaziobianco.it\/laredazioneblog\/wp-json\/wp\/v2\/users\/495"}],"replies":[{"embeddable":true,"href":"https:\/\/www.lospaziobianco.it\/laredazioneblog\/wp-json\/wp\/v2\/comments?post=176561"}],"version-history":[{"count":0,"href":"https:\/\/www.lospaziobianco.it\/laredazioneblog\/wp-json\/wp\/v2\/posts\/176561\/revisions"}],"wp:featuredmedia":[{"embeddable":true,"href":"https:\/\/www.lospaziobianco.it\/laredazioneblog\/wp-json\/wp\/v2\/media\/176213"}],"wp:attachment":[{"href":"https:\/\/www.lospaziobianco.it\/laredazioneblog\/wp-json\/wp\/v2\/media?parent=176561"}],"wp:term":[{"taxonomy":"category","embeddable":true,"href":"https:\/\/www.lospaziobianco.it\/laredazioneblog\/wp-json\/wp\/v2\/categories?post=176561"},{"taxonomy":"post_tag","embeddable":true,"href":"https:\/\/www.lospaziobianco.it\/laredazioneblog\/wp-json\/wp\/v2\/tags?post=176561"}],"curies":[{"name":"wp","href":"https:\/\/api.w.org\/{rel}","templated":true}]}}