{"id":174834,"date":"2016-04-10T10:30:47","date_gmt":"2016-04-10T08:30:47","guid":{"rendered":"https:\/\/www.lospaziobianco.it\/laredazioneblog\/?p=174834"},"modified":"2016-04-11T09:42:26","modified_gmt":"2016-04-11T07:42:26","slug":"collezionando-2016-lucca-possibile-cosa","status":"publish","type":"post","link":"https:\/\/www.lospaziobianco.it\/laredazioneblog\/collezionando-2016-lucca-possibile-cosa\/","title":{"rendered":"Collezionando 2016: un&#8217;altra Lucca \u00e8 possibile, ma per fare cosa?"},"content":{"rendered":"<p><img loading=\"lazy\" decoding=\"async\" class=\"alignright size-full wp-image-174840\" src=\"https:\/\/lospaziobianco.it\/laredazioneblog\/wp-content\/uploads\/sites\/6\/2016\/04\/Collezionando-2016-Poster.jpg\" alt=\"Collezionando-2016-Poster\" width=\"280\" height=\"386\" srcset=\"https:\/\/www.lospaziobianco.it\/laredazioneblog\/wp-content\/uploads\/sites\/6\/2016\/04\/Collezionando-2016-Poster.jpg 280w, https:\/\/www.lospaziobianco.it\/laredazioneblog\/wp-content\/uploads\/sites\/6\/2016\/04\/Collezionando-2016-Poster-218x300.jpg 218w\" sizes=\"auto, (max-width: 280px) 100vw, 280px\" \/>La prima edizione di <strong>Collezionando<\/strong>, tenutasi a Lucca presso il Palazzo delle Fiere il 2 e 3 aprile scorsi, \u00e8 stato certamente un evento leggero, rispetto ai Comics &amp; Games e ha consentito di riscoprire una dimensione raccolta a quei visitatori che avessero come unico metro i Comics. In netto contrasto con la mostra mercato autunnale, quella primaverile ha offerto sia il piacere di poter passeggiare e osservare tranquillamente stand e mostre, sia l&#8217;occasione di parlare con autori ed editori presenti senza l&#8217;assillo di code e folla sgomitante. Inoltre, il rapporto fra rivenditori ed editori \u00e8 risultato pi\u00f9 equilibrato: non solo per proporzione numerica, ma soprattutto per la tipologia dell&#8217;offerta. Mentre ai Comics il peso crescente delle novit\u00e0 e della presenza degli autori negli stand degli editori ha sempre pi\u00f9 marginalizzato il ruolo dei rivenditori, in questa occasione le novit\u00e0 editoriali erano assai pi\u00f9 limitate e relative a riedizioni di opere da tempo non disponibili. L&#8217;offerta dei rivenditori andava invece da tavole originali e pezzi rari (collezionismo in senso stretto) ad albi e volumi esauriti.<\/p>\n<p><strong>Molto leggero anche il programma degli incontri e assai scarne le esposizioni<\/strong>, che certo avrebbero meritato un pi\u00f9 ampio apparato di accompagnamento, ma felice \u00e8 stata la scelta di abbinare tematicamente mostre e incontri, cosicch\u00e9 le prime di fatto mettevano a disposizione del visitatore il &#8220;materiale d&#8217;argomento&#8221; trattato nelle conferenze.<\/p>\n<p><strong><img loading=\"lazy\" decoding=\"async\" class=\"alignleft size-full wp-image-174839\" src=\"https:\/\/lospaziobianco.it\/laredazioneblog\/wp-content\/uploads\/sites\/6\/2016\/04\/collezionando_2016_2.jpg\" alt=\"collezionando_2016_2\" width=\"270\" height=\"341\" srcset=\"https:\/\/www.lospaziobianco.it\/laredazioneblog\/wp-content\/uploads\/sites\/6\/2016\/04\/collezionando_2016_2.jpg 270w, https:\/\/www.lospaziobianco.it\/laredazioneblog\/wp-content\/uploads\/sites\/6\/2016\/04\/collezionando_2016_2-238x300.jpg 238w\" sizes=\"auto, (max-width: 270px) 100vw, 270px\" \/>Nella sua estrema piacevolezza, tuttavia, Collezionando manca di una personalit\u00e0 precisa: a chi \u00e8 indirizzata? Che cosa offre di diverso da altre iniziative paragonabili?<\/strong> Di fatto, senza una risposta a queste due domande basilari, l&#8217;evento pare niente pi\u00f9 che un mero esperimento logistico-organizzativo: se il punto era dimostrare che \u00e8 possibile organizzare una piccola fiera di tema fumettistico a Lucca e attrarre (cifre degli organizzatori) 4000 visitatori paganti, l&#8217;obiettivo \u00e8 stato raggiunto. Ma pu\u00f2 essere tutto qui?<\/p>\n<p>Di piccole fiere abbonda il calendario e molte di esse funzionano come occasione di incontro sia fra gli appassionati locali sia fra questi ed autori ed editori. Con poche e brillanti eccezioni, questi eventi replicano di fatto il modello Comics su scala ridotta, risultando fra l&#8217;altro spesso pi\u00f9 vivibili. Difficile pensare che Lucca e gli appassionati locali abbiano bisogno di un&#8217;iniziativa simile.<\/p>\n<p>Il nome &#8220;<strong>Collezionando<\/strong>&#8221; \u00e8 innegabilmente un chiaro indicatore dell&#8217;ambito e della missione scelti dagli organizzatori, fra i quali spicca non casualmente l&#8217;ANAFI: v<strong>alorizzare un aspetto del mondo del fumetto che ai Comics \u00e8 sempre pi\u00f9 penalizzato<\/strong>. Tuttavia, data la natura variegata delle proposte, risulta difficile isolare il contributo di ciascun elemento e di conseguenza proporre miglioramenti motivati e identificare una visione (ovvero rispondere alle domande: a chi \u00e8 indirizzata la mostra? che cosa offre loro di diverso dalle altre?).<\/p>\n<p>Consente al massimo di individuare <strong>un tema diffuso, che per\u00f2 non \u00e8 tanto il collezionismo quanto una certa attenzione verso il passato<\/strong>.<\/p>\n<p><img loading=\"lazy\" decoding=\"async\" class=\"alignright size-full wp-image-174838\" src=\"https:\/\/lospaziobianco.it\/laredazioneblog\/wp-content\/uploads\/sites\/6\/2016\/04\/collezionando_2016_1.jpg\" alt=\"collezionando_2016_1\" width=\"270\" height=\"450\" srcset=\"https:\/\/www.lospaziobianco.it\/laredazioneblog\/wp-content\/uploads\/sites\/6\/2016\/04\/collezionando_2016_1.jpg 270w, https:\/\/www.lospaziobianco.it\/laredazioneblog\/wp-content\/uploads\/sites\/6\/2016\/04\/collezionando_2016_1-180x300.jpg 180w\" sizes=\"auto, (max-width: 270px) 100vw, 270px\" \/>E forse proprio da qui si potrebbe partire per riflettere su una visione in grado di dare una caratterizzazione forte all&#8217;iniziativa. Caratterizzazione che potrebbe nascere spostando il fuoco dell&#8217;evento da un generico ammiccamento al passato a uno sguardo sulla storia del fumetto: come la Lucca d&#8217;autunno ruota attorno ad autori ed editori, quella primaverile potrebbe ruotare intorno al discorso sul fumetto, il che significa fornire occasione per la presentazione di riedizioni, saggi e incontri sulle modalit\u00e0 di studio e divulgazione del fumetto e su opere e autori, sempre in una prospettiva storica e divulgativa e non promozionale.<\/p>\n<p>Mantenendo la sinergia fra esposizioni e incontri si potrebbe quindi guadagnare in focalizzazione e personalit\u00e0 e mantenere la leggerezza. Resterebbe certamente da valutare il peso del disagio logistico dato dalla collocazione periferica, ma questo per quanto importante, \u00e8 a nostro parere una questione secondaria rispetto a quella della caratterizzazione, che \u00e8 da considerarsi come la sfida principale per un simile evento e per i suoi organizzatori.<\/p>\n","protected":false},"excerpt":{"rendered":"<p>Collezionando 2016 \u00e8 stata fiera leggera e godibile, ma con una identit\u00e0 ancora da definire.<\/p>\n","protected":false},"author":9,"featured_media":174841,"comment_status":"open","ping_status":"open","sticky":false,"template":"","format":"standard","meta":{"slim_seo":{"title":"Collezionando 2016: un'altra Lucca \u00e8 possibile, ma per fare cosa? - Il blog di Redazione","description":"Collezionando 2016 \u00e8 stata fiera leggera e godibile, ma con una identit\u00e0 ancora da definire."},"footnotes":""},"categories":[275],"tags":[298,300,299],"class_list":["post-174834","post","type-post","status-publish","format-standard","has-post-thumbnail","hentry","category-opinioni","tag-collezionando","tag-lucca","tag-lucca-comics-and-games"],"_links":{"self":[{"href":"https:\/\/www.lospaziobianco.it\/laredazioneblog\/wp-json\/wp\/v2\/posts\/174834","targetHints":{"allow":["GET"]}}],"collection":[{"href":"https:\/\/www.lospaziobianco.it\/laredazioneblog\/wp-json\/wp\/v2\/posts"}],"about":[{"href":"https:\/\/www.lospaziobianco.it\/laredazioneblog\/wp-json\/wp\/v2\/types\/post"}],"author":[{"embeddable":true,"href":"https:\/\/www.lospaziobianco.it\/laredazioneblog\/wp-json\/wp\/v2\/users\/9"}],"replies":[{"embeddable":true,"href":"https:\/\/www.lospaziobianco.it\/laredazioneblog\/wp-json\/wp\/v2\/comments?post=174834"}],"version-history":[{"count":0,"href":"https:\/\/www.lospaziobianco.it\/laredazioneblog\/wp-json\/wp\/v2\/posts\/174834\/revisions"}],"wp:featuredmedia":[{"embeddable":true,"href":"https:\/\/www.lospaziobianco.it\/laredazioneblog\/wp-json\/wp\/v2\/media\/174841"}],"wp:attachment":[{"href":"https:\/\/www.lospaziobianco.it\/laredazioneblog\/wp-json\/wp\/v2\/media?parent=174834"}],"wp:term":[{"taxonomy":"category","embeddable":true,"href":"https:\/\/www.lospaziobianco.it\/laredazioneblog\/wp-json\/wp\/v2\/categories?post=174834"},{"taxonomy":"post_tag","embeddable":true,"href":"https:\/\/www.lospaziobianco.it\/laredazioneblog\/wp-json\/wp\/v2\/tags?post=174834"}],"curies":[{"name":"wp","href":"https:\/\/api.w.org\/{rel}","templated":true}]}}