{"id":155908,"date":"2015-06-30T15:30:20","date_gmt":"2015-06-30T13:30:20","guid":{"rendered":"https:\/\/www.lospaziobianco.it\/?p=155908"},"modified":"2016-02-25T08:41:35","modified_gmt":"2016-02-25T07:41:35","slug":"ritorno-duck-avenger","status":"publish","type":"post","link":"https:\/\/www.lospaziobianco.it\/laredazioneblog\/ritorno-duck-avenger\/","title":{"rendered":"Il ritorno del Duck Avenger"},"content":{"rendered":"<p>A me, le robe scritte un po&#8217; cos\u00ec, tirate via giusto perch\u00e9 si deve (e quindi si pu\u00f2), non piacciono per nulla. In questi giorni, sul web, i siti di informazione fumettistica hanno tutti mandato in giro la news dello sbarco di Paperinik negli Stati Uniti (tutti citando come fonte Comic Book Resources, senza per\u00f2 mettere il link specifico, che per inciso <a href=\"http:\/\/www.comicbookresources.com\/article\/tmnt-50-super-angry-birds-in-idw-publishings-september-2015-solicitations\" target=\"comics\">\u00e8 questo<\/a>), ma nessuno che ha minimamente pensato bene di ricordare che l&#8217;identit\u00e0 mascherata di Paperino ha esordito sul <i>Topolino<\/i> n.706 del 1969, dove usciva la prima parte di <a href=\"http:\/\/coa.inducks.org\/issue.php?c=it\/CD+++83\" target=\"inducks\"><i>Paperinik il diabolico vendicatore<\/i><\/a> scritta da <b>Guido Martina<\/b> su soggetto di <b>Elisa Penna<\/b> e disegnata da <b>Giovan Battista Carpi<\/b>.<\/p>\n<figure id=\"attachment_155922\" aria-describedby=\"caption-attachment-155922\" style=\"width: 620px\" class=\"wp-caption aligncenter\"><a data-wp-lightbox=\"true\" href=\"https:\/\/lospaziobianco.it\/laredazioneblog\/wp-content\/uploads\/sites\/6\/2015\/06\/paperinik_invincibile.jpg\"><img loading=\"lazy\" decoding=\"async\" class=\"wp-image-155922\" src=\"https:\/\/lospaziobianco.it\/laredazioneblog\/wp-content\/uploads\/sites\/6\/2015\/06\/paperinik_invincibile.jpg\" alt=\"Copertina di Marco Rota dei Classici Disney (seconda serie) #83\" width=\"620\" height=\"929\" \/><\/a><figcaption id=\"caption-attachment-155922\" class=\"wp-caption-text\">Copertina di <b>Marco Rota<\/b> dei <a href=\"http:\/\/coa.inducks.org\/story.php?c=IC+CD+++83\" target=\"inducks\"><i>Classici Disney<\/i> (seconda serie) #83<\/a><\/figcaption><\/figure>\n<p>La storia, all&#8217;inizio, doveva essere, sulla falsa riga del televisivo <i>Dorellik<\/i> (come ricorda spesso <a href=\"http:\/\/lucaboschi.nova100.ilsole24ore.com\/\" target=\"boschi\"><b>Luca Boschi<\/b><\/a> negli articoli che accompagnavano le ristampe del <i>Diabolico vendicatore<\/i>), una semplice parodia del ben pi\u00f9 noto <i>Diabolik<\/i>, ma poi il personaggio ebbe successo e cos\u00ec sempre pi\u00f9 spazio sul settimanale, dando inizio a una saga che dura tutt&#8217;oggi. A differenza del resto della produzione italiana, le storie con Paperinik non sono riuscite ad arrivare con altrettanto successo negli Stati Uniti: se da una parte il Brasile lo ha accolto a braccia aperte, forte della tradizione precedente di PaperBat, gli USA sono stati un po&#8217; pi\u00f9 freddi, con vari esperimenti, come l&#8217;importazione nel 2006 della storia danese <i>The legacy<\/i>, una sorta di contributo locale alla <a href=\"https:\/\/lospaziobianco.it\/122826-fenomeno-pk-pkna-paperinik-new-adventures-oggi\" target=\"dropsea\">saga di <i>PKNA<\/i><\/a> (saga peraltro nota oltreoceano anche grazie alle versioni amatoriali in inglese che circolano sulla rete).<br \/>\nA proposito della storia danese, <b>Salimbeti<\/b> (che fa un ottimo esame delle <a href=\"http:\/\/www.salimbeti.com\/paperinik\/storie.htm#estero\" target=\"salimbeti\">storie di Paperinik all&#8217;estero<\/a>) scrive:<\/p>\n<blockquote><p>\u00c8 interessante notare come nella versione italiana di tale storia pubblicata su <i>Paperinik Cult<\/i> n\u00b0 62 con il titolo <i>Paperinik e l&#8217;eredit\u00e0<\/i> siano stati stravolti i dialoghi originali e l&#8217;attempato maestro non venga presentato come Fantomius ma semplicemente come un membro della congrega a cui Fantomius affid\u00f2 il compito di vigilare che la sua eredit\u00e0 non venisse sprecata. Tale scelta editoriale si puo&#8217; forse spiegare con il fatto che il Fantomius in queste avventure Danesi viene in effetti rappresentato in maniera non coerente con le versioni italiane.<\/p><\/blockquote>\n<p><a data-wp-lightbox=\"true\" href=\"https:\/\/lospaziobianco.it\/laredazioneblog\/wp-content\/uploads\/sites\/6\/2015\/06\/paperinik_don_rosa.jpg\"><img loading=\"lazy\" decoding=\"async\" class=\"alignright size-full wp-image-155924\" src=\"https:\/\/lospaziobianco.it\/laredazioneblog\/wp-content\/uploads\/sites\/6\/2015\/06\/paperinik_don_rosa.jpg\" alt=\"paperinik_don_rosa\" width=\"300\" height=\"421\" \/><\/a>Lo stesso Salimbeti propone, poi, il Paperinik di <b>Don Rosa<\/b>, autore che si rammaricava di non poterlo utilizzare a causa delle scelte editoriali della Egmont (come per\u00f2 alcuni <i>forumisti<\/i> del Papersera hanno sempre sostenuto, anche avendo il via libera, il cartoonist avrebbe avuto un po&#8217; di difficolt\u00e0 a utilizzarlo, visti i limiti cronologici autoimposti, con storie ambientate prima del ritiro di Barks dall&#8217;attivit\u00e0 di autore completo).<br \/>\nAd ogni buon conto, tornando a <i>PKNA<\/i>, probabilmente proprio con l&#8217;idea di portare negli Stati Uniti questa serie di successo, la Disney, che all&#8217;epoca pubblicava anche l\u00ec in &#8220;prima persona&#8221; i suoi fumetti, affid\u00f2 a <b>Michael Stewart<\/b> e <b>Steven Murphy<\/b> la realizzazione della storia <a href=\"http:\/\/coa.inducks.org\/s.php?c=KJZ+468\" target=\"induck\"><i>The Secret Origin of the Duck Avenger<\/i><\/a>, disegnata in modo non proprio memorabile da <b>Steven Butler<\/b>. Alla storia, in due parti, non fece seguito altro, se non la pubblicazione di poche pagine non tradotte uscite nel 2005 sul volume <a href=\"http:\/\/coa.inducks.org\/issue.php?c=us\/DIEGO2005\" target=\"inducks\"><i>Disney Comics &#8211; 75 Years of Innovation<\/i><\/a> estratte proprio dal <i>Diabolico vendicatore<\/i>.<br \/>\nUn tentativo un po&#8217; pi\u00f9 interessante venne, invece, svolto nel 2010 dalla Boom Comics che propose tutti i supereroi <i>disneyani<\/i> traducendo in terra statunitense la saga italiana degli <i>UltraHeroes<\/i>, proposta prima sull&#8217;albo <i>Disney Hero Squad<\/i>, quindi su <i>Walt Disney Comics and Stories<\/i> con copertine che strizzavano l&#8217;occhio a quelle di <i>Avengers<\/i> o <i>JLA<\/i>.<br \/>\nA settembre, per\u00f2, ecco che la IDW, su <i>Donald Duck<\/i> #5, pubblicher\u00e0, per la prima volta tradotta, la storia d&#8217;esordio di Paperinik.<\/p>\n<p><a data-wp-lightbox=\"true\" href=\"https:\/\/lospaziobianco.it\/laredazioneblog\/wp-content\/uploads\/sites\/6\/2015\/06\/duck_avenger.jpg\"><img loading=\"lazy\" decoding=\"async\" class=\"aligncenter size-full wp-image-155926\" src=\"https:\/\/lospaziobianco.it\/laredazioneblog\/wp-content\/uploads\/sites\/6\/2015\/06\/duck_avenger.jpg\" alt=\"duck_avenger\" width=\"620\" height=\"941\" \/><\/a><\/p>\n<p>La necessit\u00e0 della sua pubblicazione nasce dal semplice fatto che a luglio su <i>Walt Disney Comics and Stories<\/i> #721 far\u00e0 il suo esordio, presentata da una spettacolare copertina di <b>Jonathan Gray<\/b> che sembra fatta apposta per una raccolta in volume (cosa aspetta la Panini?), la lunga saga della <i>Pietra Zodiacale<\/i> di <b>Bruno Sarda<\/b>, <b>Massimo De Vita<\/b> e <b>Franco Valussi<\/b>, storia corale che riunisce i personaggi di Paperopoli e Topolinia, e tra questi anche Paperino e il suo <i>alter ego<\/i> Paperinik.<br \/>\nDa segnalare, visto che ci sono, la pubblicazione su <i>Uncle Scrooge<\/i> #6, sempre di settembre, della storia <a href=\"http:\/\/coa.inducks.org\/s.php?c=I+TL++977-A\" target=\"inducks\"><i>Zio Paperonte contro &#8220;il progettista&#8221;<\/i><\/a> di <b>Giorgio Pezzin<\/b> e <b>Marco Rota<\/b>.<\/p>\n<p><small>Vedi anche il <a href=\"http:\/\/issuu.com\/idwpublishing\/docs\/idw_previewads-september-2015\" target=\"issuu\">catalogo di settembre della IDW<\/a><\/small><\/p>\n","protected":false},"excerpt":{"rendered":"<p>La IDW Publishing, licenziataria Disney negli USA, pubblicher\u00e0 a settembre oltreoceano la storia d&#8217;esordio di Paperinik<\/p>\n","protected":false},"author":32,"featured_media":155928,"comment_status":"open","ping_status":"closed","sticky":false,"template":"","format":"standard","meta":{"slim_seo":{"title":"Il ritorno del Duck Avenger - Il blog di Redazione","description":"La IDW Publishing, licenziataria Disney negli USA, pubblicher\u00e0 a settembre oltreoceano la storia d'esordio di Paperinik"},"footnotes":""},"categories":[275],"tags":[106,235,236,237,238,239,240,241],"class_list":["post-155908","post","type-post","status-publish","format-standard","has-post-thumbnail","hentry","category-opinioni","tag-disney","tag-don-rosa","tag-elisa-penna","tag-giovan-battista-carpi","tag-guido-martina","tag-idw-publishing","tag-marco-rota","tag-paperinik"],"_links":{"self":[{"href":"https:\/\/www.lospaziobianco.it\/laredazioneblog\/wp-json\/wp\/v2\/posts\/155908","targetHints":{"allow":["GET"]}}],"collection":[{"href":"https:\/\/www.lospaziobianco.it\/laredazioneblog\/wp-json\/wp\/v2\/posts"}],"about":[{"href":"https:\/\/www.lospaziobianco.it\/laredazioneblog\/wp-json\/wp\/v2\/types\/post"}],"author":[{"embeddable":true,"href":"https:\/\/www.lospaziobianco.it\/laredazioneblog\/wp-json\/wp\/v2\/users\/32"}],"replies":[{"embeddable":true,"href":"https:\/\/www.lospaziobianco.it\/laredazioneblog\/wp-json\/wp\/v2\/comments?post=155908"}],"version-history":[{"count":0,"href":"https:\/\/www.lospaziobianco.it\/laredazioneblog\/wp-json\/wp\/v2\/posts\/155908\/revisions"}],"wp:featuredmedia":[{"embeddable":true,"href":"https:\/\/www.lospaziobianco.it\/laredazioneblog\/wp-json\/"}],"wp:attachment":[{"href":"https:\/\/www.lospaziobianco.it\/laredazioneblog\/wp-json\/wp\/v2\/media?parent=155908"}],"wp:term":[{"taxonomy":"category","embeddable":true,"href":"https:\/\/www.lospaziobianco.it\/laredazioneblog\/wp-json\/wp\/v2\/categories?post=155908"},{"taxonomy":"post_tag","embeddable":true,"href":"https:\/\/www.lospaziobianco.it\/laredazioneblog\/wp-json\/wp\/v2\/tags?post=155908"}],"curies":[{"name":"wp","href":"https:\/\/api.w.org\/{rel}","templated":true}]}}