{"id":5305,"date":"2025-06-18T22:20:00","date_gmt":"2025-06-18T20:20:00","guid":{"rendered":"https:\/\/www.lospaziobianco.it\/alcaffedelcappellaiomatto\/?p=5305"},"modified":"2025-06-18T22:05:25","modified_gmt":"2025-06-18T20:05:25","slug":"topolino-3629-effetto-omega-il-tempo-e-il-big-rip","status":"publish","type":"post","link":"https:\/\/www.lospaziobianco.it\/alcaffedelcappellaiomatto\/topolino-3629-effetto-omega-il-tempo-e-il-big-rip\/","title":{"rendered":"Topolino #3629 &#8211; Effetto Omega: Il tempo e il Big Rip"},"content":{"rendered":"\n<p>Con <a href=\"https:\/\/dropseaofulaula.blogspot.com\/2025\/06\/topolino-3629-nel-segno-di-michelini.html\" target=\"dropsea\"><em>Topolino<\/em> #3629<\/a> arriva a conclusione <em>L&#8217;effetto Omega<\/em> di <strong>Alessandro Pastrovicchio<\/strong>, seguito del <a href=\"https:\/\/edu.inaf.it\/rubriche\/libri\/introduzione-fattore-gamma\/\" target=\"eduinaf\"><em>Il fattore gamma<\/em><\/a> che \u00e8 recentemente stato ristampato in formato <em>deluxe<\/em>. Il terzo episodio conclude la vicenda del piano megalomane di Gamma, che, come giusto che sia, viene sventato da Topolino e Atomino Bip-Bip grazie a un aiuto insperato.<\/p>\n\n\n\n<p>E, come per i due episodi precedenti (vedi <a href=\"https:\/\/lospaziobianco.it\/alcaffedelcappellaiomatto\/topolino-3627-effetto-omega-universo-in-espansione\/\" target=\"cappellaio\"><em>L&#8217;universo in espansione<\/em><\/a> e <a href=\"https:\/\/lospaziobianco.it\/alcaffedelcappellaiomatto\/topolino-3628-effetto-omega-universo-oscuro\/\" target=\"cappellaio\"><em>Universo oscuro<\/em><\/a>), anche questo terzo episodio ci fornisce interessanti spunti di approfondimento, scientifici e non solo, che andremo a esplorare subito dopo il video.<\/p>\n\n\n\n<figure class=\"wp-block-embed aligncenter is-type-video is-provider-youtube wp-block-embed-youtube wp-embed-aspect-16-9 wp-has-aspect-ratio\"><div class=\"wp-block-embed__wrapper\">\n<iframe loading=\"lazy\" title=\"#Topolino #3629 - Effetto Omega: Il tempo e il Big Rip\" width=\"1080\" height=\"608\" src=\"https:\/\/www.youtube.com\/embed\/zinW_3yi2CU?feature=oembed\" frameborder=\"0\" allow=\"accelerometer; autoplay; clipboard-write; encrypted-media; gyroscope; picture-in-picture; web-share\" referrerpolicy=\"strict-origin-when-cross-origin\" allowfullscreen><\/iframe>\n<\/div><\/figure>\n\n\n\n<h2 class=\"wp-block-heading\">Con un occhio ai supereroi<\/h2>\n\n\n<div class=\"wp-block-image\">\n<figure class=\"aligncenter size-full\"><img loading=\"lazy\" decoding=\"async\" width=\"1000\" height=\"350\" src=\"https:\/\/lospaziobianco.it\/alcaffedelcappellaiomatto\/wp-content\/uploads\/sites\/4\/2025\/06\/topolino3629-cieli_rossi_calisota.jpg\" alt=\"Topolino3629 cieli rossi calisota\" class=\"wp-image-5311\" srcset=\"https:\/\/www.lospaziobianco.it\/alcaffedelcappellaiomatto\/wp-content\/uploads\/sites\/4\/2025\/06\/topolino3629-cieli_rossi_calisota.jpg 1000w, https:\/\/www.lospaziobianco.it\/alcaffedelcappellaiomatto\/wp-content\/uploads\/sites\/4\/2025\/06\/topolino3629-cieli_rossi_calisota-300x105.jpg 300w, https:\/\/www.lospaziobianco.it\/alcaffedelcappellaiomatto\/wp-content\/uploads\/sites\/4\/2025\/06\/topolino3629-cieli_rossi_calisota-768x269.jpg 768w\" sizes=\"auto, (max-width: 1000px) 100vw, 1000px\" \/><\/figure>\n<\/div>\n\n\n<p>Gli spunti supereroistici presenti non solo in questo terzo episodio, ma anche in tutta la saga sono molti di pi\u00f9 rispetto a quelli che ho rilevato, ma quelli che vi propongo sono anche funzionali agli approfondimenti scientifici che andremo ad affrontare.<\/p>\n\n\n\n<p>Il primo \u00e8 un riferimento a <em>Crisi sulle Terre infinite<\/em>: man mano che il piano di Gamma di accumulare un sempre maggiore quantitativo di energia oscura sulla Terra procede, i cieli sopra il Calisota diventano sempre pi\u00f9 rossi, proprio come avviene con il <em>crossover<\/em> di <strong>Marv Wolfmann<\/strong> e <strong>George Perez<\/strong> del 1984.<\/p>\n\n\n<div class=\"wp-block-image\">\n<figure class=\"aligncenter size-full\"><img loading=\"lazy\" decoding=\"async\" width=\"1000\" height=\"461\" src=\"https:\/\/lospaziobianco.it\/alcaffedelcappellaiomatto\/wp-content\/uploads\/sites\/4\/2025\/06\/topolino3629-gamma_metron.jpg\" alt=\"Topolino3629 gamma metron\" class=\"wp-image-5313\" srcset=\"https:\/\/www.lospaziobianco.it\/alcaffedelcappellaiomatto\/wp-content\/uploads\/sites\/4\/2025\/06\/topolino3629-gamma_metron.jpg 1000w, https:\/\/www.lospaziobianco.it\/alcaffedelcappellaiomatto\/wp-content\/uploads\/sites\/4\/2025\/06\/topolino3629-gamma_metron-300x138.jpg 300w, https:\/\/www.lospaziobianco.it\/alcaffedelcappellaiomatto\/wp-content\/uploads\/sites\/4\/2025\/06\/topolino3629-gamma_metron-768x354.jpg 768w\" sizes=\"auto, (max-width: 1000px) 100vw, 1000px\" \/><\/figure>\n<\/div>\n\n\n<p>Girata pagina, poi, troviamo Gamma seduto su una imponente sedia con il tesseratto poggiato su un bracciolo in posa meditativa. Ovviamente potrei proporre diversi esempi artistici relativi a questa posa, ma restando nel mood supereroistico (e scientifico) il pensiero corre a Metron, il nuovo dio ideato da <strong>Jack Kirby<\/strong> sempre per la DC Comics che a bordo della sua <em>sedia di Moebius<\/em> viaggia nello spazio e nel tempo.<\/p>\n\n\n\n<p>Come detto c&#8217;\u00e8 almeno un altro, interessante riferimento supereroistico, questa volta tratto dal <em>Marvel Universe<\/em>, ma i due spunti di cui sopra sono in linea con i due temi che tratteremo a breve: il tempo e la distruzione dell&#8217;universo.<\/p>\n\n\n\n<h2 class=\"wp-block-heading\">Il tempo, questo sconosciuto<\/h2>\n\n\n\n<p>Il tempo \u00e8 uno degli argomenti pi\u00f9 ostici intorno ai quali hanno ragionato generazioni di filosofi e fisici, tutti alla ricerca di una risposta soddisfacente alla domanda: <em>Che cos&#8217;\u00e8 il tempo?<\/em><\/p>\n\n\n\n<p>Per avere un&#8217;idea di quanto questi tentativi siano in qualche modo frustranti, basti pensare a cosa diceva <strong>Sant&#8217;Agostino<\/strong> in proposito<\/p>\n\n\n\n<blockquote class=\"wp-block-quote is-layout-flow wp-block-quote-is-layout-flow\">\n<p>Se nessuno me lo domanda, lo so. Se voglio spiegarlo a chi me lo domanda, non lo so pi\u00f9.<\/p>\n<\/blockquote>\n\n\n\n<p>Non andava poi molto meglio nemmeno con <strong>Albert Einstein<\/strong>, sebbene la sua definizione, per quanto circolare, a ben vedere, aveva un sapore pi\u00f9 operativo:<\/p>\n\n\n\n<blockquote class=\"wp-block-quote is-layout-flow wp-block-quote-is-layout-flow\">\n<p>Il tempo \u00e8 ci\u00f2 che si misura con l&#8217;orologio((<em>[t]ime is what clocks measure<\/em> \u2013 via <a href=\"https:\/\/www.nist.gov\/blogs\/taking-measure\/what-then-time\" target=\"out\">NIST<\/a>))<\/p>\n<\/blockquote>\n\n\n\n<p>La circolarit\u00e0 di quanto afferma Einstein sta nel fatto che bisognerebbe avere un&#8217;idea di cosa sia, in termini fondamentali, il tempo. Ci\u00f2 che, per\u00f2, possiamo fare, sempre restando nei termini operativi di Einstein, \u00e8 fornire una definizione dell&#8217;unit\u00e0 di misura fondamentale del tempo, il <a href=\"https:\/\/it.wikipedia.org\/wiki\/Secondo\" target=\"wiki\">secondo<\/a>.((Un altro modo per vedere il tempo \u00e8 con l&#8217;<a href=\"https:\/\/it.wikipedia.org\/wiki\/Entropia\" target=\"wiki\">entropia<\/a>, la grandezza termodinamica che misura il disordine di un sistema. In particolare l&#8217;entropia di un sistema chiuso come l&#8217;universo aumenta sempre, il che sembra essere la spiegazione migliore dell&#8217;apparente esistenza della <a href=\"https:\/\/en.wikipedia.org\/wiki\/Arrow_of_time\" target=\"wiki\">freccia del tempo<\/a>, una direzione privilegiata verso cui il tempo scorre. L&#8217;idea di una freccia del tempo venne introdotta nel 1927 da <strong>Arthur Eddington<\/strong>, il primo astronomo a fornire prove a supporto della teoria della relativit\u00e0 generale.))<\/p>\n\n\n\n<p>E oggi lo abbiamo definito grazie ai processi quantistici che avvengono all&#8217;interno dell&#8217;atomo di cesio-133. E il fatto di legare ai processi quantistici la definizione del secondo magari non ci dice cosa sia il tempo, ma sicuramente ci fornisce un&#8217;idea di cosa succederebbe se il tempo dovesse fermarsi: tutti questi processi quantistici non avverrebbero pi\u00f9, e quindi non ci sarebbe pi\u00f9 alcuna evoluzione, alcun cambiamento.<\/p>\n\n\n\n<p>Qualcosa di molto simile a quello che potrebbe avvenire all&#8217;universo nel caso in cui l&#8217;energia oscura dovesse aumentare sempre di pi\u00f9.<\/p>\n\n\n\n<h2 class=\"wp-block-heading\">Il Big Rip<\/h2>\n\n\n\n<p>Come abbiamo visto nell&#8217;<a href=\"https:\/\/lospaziobianco.it\/alcaffedelcappellaiomatto\/topolino-3628-effetto-omega-universo-oscuro\/\" target=\"cappellaio\">articolo precedente<\/a>, ci sono tre scenari principali per il destino dell&#8217;universo: la <em>morte termica<\/em>, il <em>Big Bounce<\/em> (il <em>grande rimbalso<\/em>) e il <a href=\"https:\/\/en.wikipedia.org\/wiki\/Big_Rip\" target=\"wiki\"><em>Big Rip<\/em><\/a> (il <em>grande strappo<\/em>). In particolare quest&#8217;ultimo potrebbe avvenire solo con quantit\u00e0 di energia oscura molto pi\u00f9 grandi di quelle attuali (che pure sono molto alte).<\/p>\n\n\n\n<p>Secondo il corrispondente modello cosmologico, con quantit\u00e0 estreme di energia oscura, e quindi con un&#8217;espansione sempre pi\u00f9 accellerata, l&#8217;orizzonte cosmologico (ovvero la quantit\u00e0 di universo che siamo in grado di osservare) sarebbe destinata a ridursi sempre di pi\u00f9, fino ad annullarsi. Allo stesso modo anche le forze fondamentali riuscirebbero ad agire a distanza sempre pi\u00f9 piccole, rendendo di fatto infinite le distanze tra gli oggetti che costituiscono l&#8217;universo. O in termini pi\u00f9 coloriti, strappando l&#8217;universo in migliaia e migliaia di frammenti.<\/p>\n\n\n\n<p>Questo scenario \u00e8, per ora, scongiurato, visto che i dati indicano un universo piatto (e quindi destinato alla <em>morte termica<\/em>), ma nulla ci garantisce che cos\u00ec sar\u00e0 in futuro e questo per diversi motivi: innanzitutto una mancanza di informazioni sulla natura dell&#8217;energia oscura, e quindi il dubbio che la sua quantit\u00e0 possa cambiare in futuro, magari aumentando.<\/p>\n\n\n\n<p>Per il momento l&#8217;unica cosa che possiamo fare \u00e8 quindi quella di continuare a studiare l&#8217;universo con i nostri strumenti, in primis i telescopi a terra e soprattutto quelli nello spazio. Che qualcosa del modello Lambda-CDM dovremo cambiarla lo sappiamo gi\u00e0. Cosa e in che modo \u00e8 ancora tutto da scoprire.<\/p>\n","protected":false},"excerpt":{"rendered":"<p>Arriva a conclusione L&#8217;effetto Omega di Alessandro Pastrovicchio. Scopriamo insieme a lui cosa \u00e8 il tempo e cosa comporterebbe il Big Rip per l&#8217;universo.<\/p>\n","protected":false},"author":32,"featured_media":5317,"comment_status":"open","ping_status":"closed","sticky":false,"template":"","format":"standard","meta":{"slim_seo":{"title":"Topolino #3629 - Effetto Omega: Il tempo e il Big Rip - Al caff\u00e9 del Cappellaio Matto","description":"Arriva a conclusione L'effetto Omega di Alessandro Pastrovicchio. Scopriamo insieme a lui cosa \u00e8 il tempo e cosa comporterebbe il Big Rip per l'universo."},"footnotes":""},"categories":[345],"tags":[8,1480,1759,935,1204,118],"class_list":["post-5305","post","type-post","status-publish","format-standard","has-post-thumbnail","hentry","category-topolino-comics-science","tag-albert-einstein","tag-alessandro-pastrovicchio","tag-big-rip","tag-cosmologia","tag-tempo","tag-topolino"],"_links":{"self":[{"href":"https:\/\/www.lospaziobianco.it\/alcaffedelcappellaiomatto\/wp-json\/wp\/v2\/posts\/5305","targetHints":{"allow":["GET"]}}],"collection":[{"href":"https:\/\/www.lospaziobianco.it\/alcaffedelcappellaiomatto\/wp-json\/wp\/v2\/posts"}],"about":[{"href":"https:\/\/www.lospaziobianco.it\/alcaffedelcappellaiomatto\/wp-json\/wp\/v2\/types\/post"}],"author":[{"embeddable":true,"href":"https:\/\/www.lospaziobianco.it\/alcaffedelcappellaiomatto\/wp-json\/wp\/v2\/users\/32"}],"replies":[{"embeddable":true,"href":"https:\/\/www.lospaziobianco.it\/alcaffedelcappellaiomatto\/wp-json\/wp\/v2\/comments?post=5305"}],"version-history":[{"count":0,"href":"https:\/\/www.lospaziobianco.it\/alcaffedelcappellaiomatto\/wp-json\/wp\/v2\/posts\/5305\/revisions"}],"wp:featuredmedia":[{"embeddable":true,"href":"https:\/\/www.lospaziobianco.it\/alcaffedelcappellaiomatto\/wp-json\/wp\/v2\/media\/5317"}],"wp:attachment":[{"href":"https:\/\/www.lospaziobianco.it\/alcaffedelcappellaiomatto\/wp-json\/wp\/v2\/media?parent=5305"}],"wp:term":[{"taxonomy":"category","embeddable":true,"href":"https:\/\/www.lospaziobianco.it\/alcaffedelcappellaiomatto\/wp-json\/wp\/v2\/categories?post=5305"},{"taxonomy":"post_tag","embeddable":true,"href":"https:\/\/www.lospaziobianco.it\/alcaffedelcappellaiomatto\/wp-json\/wp\/v2\/tags?post=5305"}],"curies":[{"name":"wp","href":"https:\/\/api.w.org\/{rel}","templated":true}]}}