{"id":5217,"date":"2025-03-31T20:00:14","date_gmt":"2025-03-31T18:00:14","guid":{"rendered":"https:\/\/www.lospaziobianco.it\/alcaffedelcappellaiomatto\/?p=5217"},"modified":"2025-03-30T21:27:09","modified_gmt":"2025-03-30T19:27:09","slug":"topolino-3618-biblioteca-alessandria-forma-terra","status":"publish","type":"post","link":"https:\/\/www.lospaziobianco.it\/alcaffedelcappellaiomatto\/topolino-3618-biblioteca-alessandria-forma-terra\/","title":{"rendered":"Topolino #3618: La grande Biblioteca di Alessandria e la forma della Terra"},"content":{"rendered":"<p><figure id=\"attachment_5224\" aria-describedby=\"caption-attachment-5224\" style=\"width: 350px\" class=\"wp-caption alignright\"><img loading=\"lazy\" decoding=\"async\" src=\"http:\/\/www.lospaziobianco.it\/alcaffedelcappellaiomatto\/wp-content\/uploads\/sites\/4\/2025\/03\/interno_biblioteca_alessandria.jpg\" alt=\"Interno biblioteca alessandria\" width=\"350\" height=\"356\" class=\"size-full wp-image-5224\" srcset=\"https:\/\/www.lospaziobianco.it\/alcaffedelcappellaiomatto\/wp-content\/uploads\/sites\/4\/2025\/03\/interno_biblioteca_alessandria.jpg 350w, https:\/\/www.lospaziobianco.it\/alcaffedelcappellaiomatto\/wp-content\/uploads\/sites\/4\/2025\/03\/interno_biblioteca_alessandria-295x300.jpg 295w\" sizes=\"auto, (max-width: 350px) 100vw, 350px\" \/><figcaption id=\"caption-attachment-5224\" class=\"wp-caption-text\">Rappresentazione artistica dell&#8217;interno della biblioteca di Alessandria &#8211; via <a href=\"https:\/\/commons.wikimedia.org\/wiki\/File:Ancientlibraryalex.jpg\" target=\"commons\">commons<\/a><\/figcaption><\/figure>Su <a href=\"https:\/\/dropseaofulaula.blogspot.com\/2025\/03\/topolino-3618-topolino-indaga.html\" target=\"dropsea\"><em>Topolino<\/em> #3618<\/a> si concludono le avventure di <em>Topeo, scienziato viaggiatore<\/em> di <strong>Sergio Cabella<\/strong> e <strong>Marco Palazzi<\/strong> con <em>La biblioteca pi\u00f9 grande della storia<\/em>, dedicata all&#8217;antica <a href=\"https:\/\/it.wikipedia.org\/wiki\/Biblioteca_di_Alessandria\" target=\"wiki\">biblioteca di Alessandria<\/a>, una delle sette meraviglie del mondo antico e andata gradualmente in declino a partire dal 48 a.C., anno nel corso del quale venne incendiata su ordine di <strong>Giulio Cesare<\/strong> nel corso della <a href=\"https:\/\/it.wikipedia.org\/wiki\/Guerra_civile_romana_(49-45_a.C.)\" target=\"wiki\">guerra civile contro <strong>Pompeo Magno<\/strong><\/a>.<br \/>\nSappiamo che la biblioteca ritorn\u00f2 comunque in attivit\u00e0 fino al definitivo declino intorno alla met\u00e0 del VII secolo, ma non certo ai picchi che raggiunse sotto la direzione di <a href=\"https:\/\/it.wikipedia.org\/wiki\/Eratostene_di_Cirene\" target=\"wiki\"><strong>Eratostene di Cirene<\/strong><\/a>, matematico, astronomo e geografo, nonch\u00e9 terzo bibliotecario di Alessandria dopo <strong>Apollonio Rodio<\/strong>. Ed \u00e8 proprio a questo periodo che fanno riferimento Cabella e Palazzi che portano Topeo\/Topolino, Pipponio\/Pippo e i due personaggi creati <em>ad hoc<\/em> di Marzio (che un po&#8217; ricorda l&#8217;Ercole <em>disneyano<\/em> animato) e Timeo ad Alessandria. Cabella, per\u00f2, decide anche di <em>disneyzzare<\/em> anche il bibliotecario capo, che diventa Topostene e porta i quattro amici all&#8217;interno della biblioteca, ricca di &#8220;volumi&#8221;, o per essere pi\u00f9 precisi pergamene e papiri che, nelle intenzioni di Eratostene (quello vero!) avrebbero dovuto costituire tutta la conoscenza dell&#8217;epoca.<br \/>\nFu infatti con Eratostene che la biblioteca ebbe un forte impulso, in particolare nella raccolta di trattati a tema scientifico. E proprio la scienza si ritaglia uno spazio interessante all&#8217;interno della storia realizzata dai due autori <em>disneyani<\/em> per <em>Topolino<\/em> #3618.<\/p>\n<h2>La forma della Terra<\/h2>\n<p>Pur se in maniera sottile, Cabella introduce una discussione che, in effetti fu proprio Eratostene a dirimere con un esperimento, quella della forma della Terra. L&#8217;idea <em>naif<\/em> viene espressa da una battuta di Pipponio:<\/p>\n<blockquote><p>(&#8230;) navigando dall&#8217;Iberia fino alla terra dei faraoni ho verificato che il mare \u00e8 piatto, e di conseguenza dev&#8217;esserlo anche la Terra!<\/p><\/blockquote>\n<p><img loading=\"lazy\" decoding=\"async\" src=\"http:\/\/www.lospaziobianco.it\/alcaffedelcappellaiomatto\/wp-content\/uploads\/sites\/4\/2025\/03\/topolino3618-pippeo_forma_terra.jpg\" alt=\"Topolino3618 pippeo forma terra\" width=\"1000\" height=\"509\" class=\"aligncenter size-full wp-image-5227\" srcset=\"https:\/\/www.lospaziobianco.it\/alcaffedelcappellaiomatto\/wp-content\/uploads\/sites\/4\/2025\/03\/topolino3618-pippeo_forma_terra.jpg 1000w, https:\/\/www.lospaziobianco.it\/alcaffedelcappellaiomatto\/wp-content\/uploads\/sites\/4\/2025\/03\/topolino3618-pippeo_forma_terra-300x153.jpg 300w, https:\/\/www.lospaziobianco.it\/alcaffedelcappellaiomatto\/wp-content\/uploads\/sites\/4\/2025\/03\/topolino3618-pippeo_forma_terra-768x391.jpg 768w\" sizes=\"auto, (max-width: 1000px) 100vw, 1000px\" \/><\/p>\n<p>All&#8217;epoca, man mano che la conoscenza andava a costruirsi, questi ragionamenti erano comunque ritenuti scientifici, ma ovviamente una dimostrazione di questo genere suonava un po&#8217; insufficiente a una mente come quella di Eratostene, che, in quanto geografo (uno dei primi della storia), era abituato a osservare il mondo intorno a se in termini pratici e non filosofici. E in effetti ide\u00f2 un esperimento per misurare il meridiano terrestre, e da qui la circonferenza della Terra, <a href=\"https:\/\/edu.inaf.it\/approfondimenti\/insegnare-astronomia\/chi-dimostro-che-la-terra-era-tonda\/\" target=\"eduinaf\">dimostrandone al contempo la sfericit\u00e0<\/a>.<br \/>\n<figure id=\"attachment_5226\" aria-describedby=\"caption-attachment-5226\" style=\"width: 278px\" class=\"wp-caption alignright\"><img loading=\"lazy\" decoding=\"async\" src=\"http:\/\/www.lospaziobianco.it\/alcaffedelcappellaiomatto\/wp-content\/uploads\/sites\/4\/2025\/03\/eratostene.jpg\" alt=\"Eratostene\" width=\"278\" height=\"275\" class=\"size-full wp-image-5226\" \/><figcaption id=\"caption-attachment-5226\" class=\"wp-caption-text\">Eratostene &#8211; via <a href=\"https:\/\/commons.wikimedia.org\/wiki\/File:Portrait_of_Eratosthenes.png\" target=\"commons\">commons<\/a><\/figcaption><\/figure>Il metodo di misurazione venne descritto da Eratostene nel suo trattato <em>Sulla misura della Terra<\/em>, che purtroppo \u00e8 andato perduto. Il risultato finale era una circonferenza di 252000 stadi, risultato che, utilizzando gli stadi egizi, porterebbe a 39375 km, ovvero un errore di circa l&#8217;1.4% rispetto alla circonferenza polare di 39941 km.<br \/>\nIn realt\u00e0 si ritiene che la misurazione possa essere anche pi\u00f9 precisa di cos\u00ec: infatti secondo <strong>Lucio Russo<\/strong> ne <em>La rivoluzione dimenticata. Il pensiero scientifico greco e la scienza moderna<\/em>, Eratostene avrebbe ideato un nuovo tipo di stadio in modo tale che la misura della circonferenza risultasse proprio 252000, che risulta divisibile per tutti i numeri naturali da 1 a 10((D&#8217;altra parte a Eratostene \u00e8 attribuito anche il <em>crivello di Eratostene<\/em>, un metodo per determinare i numeri primi)).<br \/>\nQuale che sia il motivo, un&#8217;idea del metodo utilizzato da Eratostene ci \u00e8 stata tramandata grazie a <strong>Cleomede<\/strong>, che ce ne ha tramandato una versione semplificata del metodo: misurare l&#8217;inclinazione dell&#8217;ombra a mezzogiorno. Ovviamente questa misura, da sola, non basta, ma va abbinata alla misura della distanza tra due localit\u00e0 distinte, in questo caso Alessandria, la citt\u00e0 dove lavorava Eratostene, e Siene, la moderna Assuan. In particolare a Siene, che si trova nei pressi del tropico del Cancro, a mezzogiorno i raggi del Sole sono esattamente perpendicolari, per cui gli oggetti non proiettano ombre. Alla stessa ora ad Alessandria, invece, i raggi risultano leggermente inclinati (qualcosa come 1\/50 dell&#8217;angolo giro), per cui misurando la distanza tra Alessandria e Siene era possibile ricavare la lunghezza dell&#8217;<a href=\"https:\/\/it.wikipedia.org\/wiki\/Arco_(geometria)\" target=\"wiki\">arco di circonferenza<\/a> tra le due citt\u00e0 e da essa stimare quindi il raggio della Terra ([latex]r=l\/\\theta[\/latex], con <em>l<\/em> lunghezza dell&#8217;arco) e la sua circonferenza ([latex]C=2\\pi r[\/latex]).<br \/>\nAnche in questo caso, per\u00f2, sempre secondo Russo, il metodo realmente utilizzato da Eratostene prevedeva ben pi\u00f9 di due misure, effettuate dai <em>mensores regii<\/em>, funzionari che avevano il compito di misurare il territorio a scopi fiscali, un po&#8217; come i moderni geometri comunali.<br \/>\nAd ogni buon conto, non \u00e8 difficile immaginare, comunque, che ad Alessandria il punto di riferimento per la misura dell&#8217;angolo sia stato il Faro di Alessandria, la cui costruzione era iniziata intorno al 300 a.C. per poi concludersi intorno al 180 a.C.<\/p>\n<figure id=\"attachment_5228\" aria-describedby=\"caption-attachment-5228\" style=\"width: 700px\" class=\"wp-caption aligncenter\"><img loading=\"lazy\" decoding=\"async\" src=\"http:\/\/www.lospaziobianco.it\/alcaffedelcappellaiomatto\/wp-content\/uploads\/sites\/4\/2025\/03\/schema_metodo_eratostene.jpg\" alt=\"Schema metodo eratostene\" width=\"700\" height=\"880\" class=\"size-full wp-image-5228\" srcset=\"https:\/\/www.lospaziobianco.it\/alcaffedelcappellaiomatto\/wp-content\/uploads\/sites\/4\/2025\/03\/schema_metodo_eratostene.jpg 700w, https:\/\/www.lospaziobianco.it\/alcaffedelcappellaiomatto\/wp-content\/uploads\/sites\/4\/2025\/03\/schema_metodo_eratostene-239x300.jpg 239w\" sizes=\"auto, (max-width: 700px) 100vw, 700px\" \/><figcaption id=\"caption-attachment-5228\" class=\"wp-caption-text\">Rappresentazione della geometria coinvolta nell\u2019esperimento di Eratostene \u2013 <a href=\"https:\/\/github.com\/ulaulaman\/tikzdraw\/blob\/master\/infographics\/eratosthenes\/pdf\/eratosthenes-it.pdf\" target=\"github\">pdf su github<\/a> \u2013 fonte NOAA via <a href=\"https:\/\/commons.wikimedia.org\/wiki\/File:Eratosthenes%27_method_for_determining_the_size_of_the_Earth.svg\" target=\"commons\">commons<\/a><\/figcaption><\/figure>\n<h2>Eredi di Eratostene<\/h2>\n<p>Nella storia di Cabella e Palazzi, l&#8217;ideazione del metodo semplificato di misurazione della Terra viene attribuito a un bambino di talento, tale Apollonio. In effetti il personaggio potrebbe essere ispirato al quinto bibliotecario di Alessandria, <a href=\"https:\/\/it.wikipedia.org\/wiki\/Apollonio_Eidografo\" target=\"wiki\"><strong>Apollonio Eidografo<\/strong><\/a>, ovvero Apollonio il classificatore. In realt\u00e0, per quel poco che si sa, Apollonio non si interess\u00f2 di scienza, intesa come matematica e astronomia, ma di grammatica, mentre nella sua attivit\u00e0 di bibliotecario di Alessandria si occup\u00f2 principalmente della classificazione cronologica delle poesie di <strong>Pindaro<\/strong>.<br \/>\nL&#8217;esperimento di Eratostene, per\u00f2, pu\u00f2 essere <a href=\"https:\/\/edu.inaf.it\/rubriche\/astronomo-risponde\/esperimento-eratostene-didattica\/\" target=\"eduinaf\">ripetuto anche ai giorni nostri<\/a> senza eccessive difficolt\u00e0. Tra l&#8217;altro, come <a href=\"https:\/\/edu.inaf.it\/astrodidattica\/quanto-grande-e-la-terra\/\" target=\"eduinaf\">proposto in questa attivit\u00e0<\/a>, si pu\u00f2 eseguire l&#8217;esperimento non solo nel corso del solstizio d&#8217;estate, periodo dell&#8217;anno che viene tradizionalmente assegnato per l&#8217;esperimento semplificato di Eratostene, ma anche nel corso degli equinozi. In questo senso \u00e8 un peccato che questo secondo (e ultimo) episodio delle avventure di Topeo non sia stato pubblicato subito dopo il primo su <a href=\"https:\/\/dropseaofulaula.blogspot.com\/2025\/02\/topolino-3613-la-piuma-e-piu-forte-della-spada.html\" target=\"dropsea\"><em>Topolino<\/em> #3613<\/a>, visto che magari in questo modo qualche insegnante avrebbe potuto attrezzarsi allo scopo, ma magari c&#8217;\u00e8 il tempo per prepararsi per il prossimo anno!<\/p>\n","protected":false},"excerpt":{"rendered":"<p>Seguiamo Topeo alla scoperta della biblioteca di Alessandria, ma, soprattutto, di come sia possibile misurare il raggio della Terra!<\/p>\n","protected":false},"author":32,"featured_media":5219,"comment_status":"open","ping_status":"closed","sticky":false,"template":"","format":"standard","meta":{"slim_seo":{"title":"Topolino #3618: La grande Biblioteca di Alessandria e la forma della Terra - Al caff\u00e9 del Cappellaio Matto","description":"Seguiamo Topeo alla scoperta della biblioteca di Alessandria, ma, soprattutto, di come sia possibile misurare il raggio della Terra!"},"footnotes":""},"categories":[345],"tags":[1745,526,1103,120,1266,408],"class_list":["post-5217","post","type-post","status-publish","format-standard","has-post-thumbnail","hentry","category-topolino-comics-science","tag-eratostene","tag-geometria","tag-marco-palazzi","tag-matematica","tag-sergio-cabella","tag-terra"],"_links":{"self":[{"href":"https:\/\/www.lospaziobianco.it\/alcaffedelcappellaiomatto\/wp-json\/wp\/v2\/posts\/5217","targetHints":{"allow":["GET"]}}],"collection":[{"href":"https:\/\/www.lospaziobianco.it\/alcaffedelcappellaiomatto\/wp-json\/wp\/v2\/posts"}],"about":[{"href":"https:\/\/www.lospaziobianco.it\/alcaffedelcappellaiomatto\/wp-json\/wp\/v2\/types\/post"}],"author":[{"embeddable":true,"href":"https:\/\/www.lospaziobianco.it\/alcaffedelcappellaiomatto\/wp-json\/wp\/v2\/users\/32"}],"replies":[{"embeddable":true,"href":"https:\/\/www.lospaziobianco.it\/alcaffedelcappellaiomatto\/wp-json\/wp\/v2\/comments?post=5217"}],"version-history":[{"count":0,"href":"https:\/\/www.lospaziobianco.it\/alcaffedelcappellaiomatto\/wp-json\/wp\/v2\/posts\/5217\/revisions"}],"wp:featuredmedia":[{"embeddable":true,"href":"https:\/\/www.lospaziobianco.it\/alcaffedelcappellaiomatto\/wp-json\/wp\/v2\/media\/5219"}],"wp:attachment":[{"href":"https:\/\/www.lospaziobianco.it\/alcaffedelcappellaiomatto\/wp-json\/wp\/v2\/media?parent=5217"}],"wp:term":[{"taxonomy":"category","embeddable":true,"href":"https:\/\/www.lospaziobianco.it\/alcaffedelcappellaiomatto\/wp-json\/wp\/v2\/categories?post=5217"},{"taxonomy":"post_tag","embeddable":true,"href":"https:\/\/www.lospaziobianco.it\/alcaffedelcappellaiomatto\/wp-json\/wp\/v2\/tags?post=5217"}],"curies":[{"name":"wp","href":"https:\/\/api.w.org\/{rel}","templated":true}]}}