{"id":4722,"date":"2024-04-10T23:40:12","date_gmt":"2024-04-10T21:40:12","guid":{"rendered":"https:\/\/www.lospaziobianco.it\/alcaffedelcappellaiomatto\/?p=4722"},"modified":"2024-04-10T23:40:12","modified_gmt":"2024-04-10T21:40:12","slug":"chi-ha-scoperto-il-bosone-di-higgs","status":"publish","type":"post","link":"https:\/\/www.lospaziobianco.it\/alcaffedelcappellaiomatto\/chi-ha-scoperto-il-bosone-di-higgs\/","title":{"rendered":"Chi ha scoperto il bosone di Higgs?"},"content":{"rendered":"<p>Quella del titolo \u00e8 ovviamente una domanda retorica, e quello che segue \u00e8 semplicemente il mio modo per omaggiare anche qui e anche solo con poche righe <strong>Peter Higgs<\/strong>, <a href=\"https:\/\/noblogo.org\/ulaulaman\/goodbye-mr\" target=\"isola\" rel=\"noopener\">da poco scomparso<\/a>.<br \/>\nIl bosone di Higgs, cos\u00ec chiamato perch\u00e9 fu proprio Peter Higgs l&#8217;unico a predirne la sua esistenza, nel 1964, nonostante non sia stato l&#8217;unico a scoprire\/descrivere il meccanismo con cui le particelle ottengono massa, \u00e8 stato scoperto presso l&#8217;LHC nel 2012. L&#8217;annuncio della sua scoperta venne dato il 4 luglio del 2012, gli articoli con i risultati di ATLAS e CMS uscirono nel settembre di quello stesso anno e infine un anno dopo, nel 2013, Higgs insieme con <strong>Fran\u00e7ois Englert<\/strong>, venne insignito del premio Nobel per la fisica.<br \/>\nLa scoperta, per\u00f2, era stata in qualche modo anticipata a novembre 2011 (difficilmente ispirata da dati o annunci reali, come per esempio quelli <a href=\"https:\/\/dropseaofulaula.blogspot.com\/2011\/08\/accerchiando-il-bosone-di-higgs.html\" target=\"dropsea\" rel=\"noopener\">diffusi dal Fermilab quello stesso anno<\/a>) grazie all&#8217;ottimismo di <strong>Ethan Van Sciver<\/strong> e <strong>Gail Simone<\/strong> che in <em>God particle<\/em>, titolo significativo del primo numero di <em>The Fury of Firestorm: The Nuclear Men<\/em>((In Italia venne pubblicato su <a href=\"https:\/\/lospaziobianco.it\/wonder-woman-1-aa-vv\/\" target=\"lsb\" rel=\"noopener\"><em>Wonder Woman<\/em> #1 della Planeta<\/a>.)), fanno dire a un ricercatore del CERN (sotto tortura) che il professor Martin Stein<\/p>\n<blockquote><p>proved the existence of the Higgs boson.<\/p><\/blockquote>\n<figure id=\"attachment_4725\" aria-describedby=\"caption-attachment-4725\" style=\"width: 1000px\" class=\"wp-caption aligncenter\"><img loading=\"lazy\" decoding=\"async\" src=\"http:\/\/www.lospaziobianco.it\/alcaffedelcappellaiomatto\/wp-content\/uploads\/sites\/4\/2024\/04\/firestorm-nuclear_men01-higgs_boson.jpg\" alt=\"Firestorm Nuclear Men01 Higgs Boson\" width=\"1000\" height=\"413\" class=\"size-full wp-image-4725\" srcset=\"https:\/\/www.lospaziobianco.it\/alcaffedelcappellaiomatto\/wp-content\/uploads\/sites\/4\/2024\/04\/firestorm-nuclear_men01-higgs_boson.jpg 1000w, https:\/\/www.lospaziobianco.it\/alcaffedelcappellaiomatto\/wp-content\/uploads\/sites\/4\/2024\/04\/firestorm-nuclear_men01-higgs_boson-300x124.jpg 300w, https:\/\/www.lospaziobianco.it\/alcaffedelcappellaiomatto\/wp-content\/uploads\/sites\/4\/2024\/04\/firestorm-nuclear_men01-higgs_boson-768x317.jpg 768w\" sizes=\"auto, (max-width: 1000px) 100vw, 1000px\" \/><figcaption id=\"caption-attachment-4725\" class=\"wp-caption-text\">da <em>The Fury of Firestorm: The Nuclear Men<\/em> #1<\/figcaption><\/figure>\n<p>La storia lascia intuire in maniera anche abbastanza esplicita che proprio intorno alla scoperta del bosone di Higgs ruotano i poteri di Firestorm, uno dei tanti supereroi dai poteri nucleari che circolano in giro per i <em>comic book<\/em> che proprio con quell&#8217;albo ricominciava da zero (o quasi) all&#8217;interno dell&#8217;era <em>New 52<\/em>.<br \/>\nIn effetti utilizzando il bosone di Higgs come giustificazione, si potrebbero spiegare pi\u00f9 semplicemente i poteri di Firestorm, soprattutto se consideriamo che la sua qualit\u00e0 di essere <em>god particle<\/em>, <em>particella Dio<\/em> (e non <strong>di<\/strong> come da superficiale traduzione italiana) gli viene dalla scelta dell&#8217;editore di <em>The God Particle &#8211; If the Universe Is the Answer, What Is the Question?<\/em> libro divulgativo del 1993 di <strong>Leon Lederman<\/strong> e <strong>Dick Teresi<\/strong>, che originariamente volevano chiamare la loro opera <em>Goddamn particle<\/em>, la particella maledetta((Sulla questione del titolo e della traduzione italiana vi rimando a <a href=\"https:\/\/pensieri-eretici.blogspot.com\/2024\/04\/i-giornalisti-e-la-scienza-di-nuovo.html\" target=\"mauro\" rel=\"noopener\">questo breve ma interessante <em>post<\/em> di <strong>Mauro Venier<\/strong><\/a>.)). E questo suo essere maledetta aveva anche una ragion d&#8217;essere, visto che erano trent&#8217;anni che non se ne trovava traccia. E come sappiamo ne sarebbero passati altri venti prima di scoprirla. Almeno nella nostra realt\u00e0.<br \/>\nPer\u00f2 anche il ruolo di <em>particella Dio<\/em> gli calza in qualche modo a pennello, visto che viene popolarmente indicato come la particella che da massa alle altre. In effetti la questione \u00e8 un pochino pi\u00f9 complessa di cos\u00ec e forse potrei azzardarmi a semplificarla in questo modo: il bosone di Higgs dobbiamo considerarlo come un messaggero, un postino che consegna a ciascuna particella il valore di massa che deve assumere.<br \/>\nAlla fine mi sono dilungato anche pi\u00f9 di quel che sarebbe stato necessario, cos\u00ec non mi resta che segnalarvi il <a href=\"https:\/\/phdcomics.com\/higgs\/index.php?page=-1\" target=\"comics\" rel=\"noopener\">fumetto di <em>PHD Comics<\/em> in cui si parla proprio del famoso bosone<\/a>.<br \/>\nAh! Prima di dimenticarmi: il disegnatore di quel nuovo numero 1 di Firestorm era <strong>Yildiray Cinar<\/strong> il cui tratto pulito era ulteriormente enfatizzato da uno dei miei coloristi preferiti in assoluto, <strong>Steve Buccellato<\/strong>.<\/p>\n","protected":false},"excerpt":{"rendered":"<p>Liberiamo una furia nucleare per omaggiare un grande della fisica del XX secolo recentemente scomparso: Peter Higgs<\/p>\n","protected":false},"author":32,"featured_media":4724,"comment_status":"open","ping_status":"closed","sticky":false,"template":"","format":"standard","meta":{"slim_seo":{"title":"Chi ha scoperto il bosone di Higgs? - Al caff\u00e9 del Cappellaio Matto","description":"Liberiamo una furia nucleare per omaggiare un grande della fisica del XX secolo recentemente scomparso: Peter Higgs"},"footnotes":""},"categories":[339],"tags":[1655,643,332,1648,1654,1652,338,1647,1649,197,1653,1646,1651,1650],"class_list":["post-4722","post","type-post","status-publish","format-standard","has-post-thumbnail","hentry","category-la-scienza-con-i-supereroi","tag-bosone-di-higgs","tag-cern","tag-dc-comics","tag-ethan-van-sciver","tag-fermilab","tag-firestorm","tag-fisica","tag-francois-englert","tag-gail-simone","tag-meccanica-quantistica","tag-modello-standard","tag-peter-higgs","tag-steve-buccellato","tag-yildiray-cinar"],"_links":{"self":[{"href":"https:\/\/www.lospaziobianco.it\/alcaffedelcappellaiomatto\/wp-json\/wp\/v2\/posts\/4722","targetHints":{"allow":["GET"]}}],"collection":[{"href":"https:\/\/www.lospaziobianco.it\/alcaffedelcappellaiomatto\/wp-json\/wp\/v2\/posts"}],"about":[{"href":"https:\/\/www.lospaziobianco.it\/alcaffedelcappellaiomatto\/wp-json\/wp\/v2\/types\/post"}],"author":[{"embeddable":true,"href":"https:\/\/www.lospaziobianco.it\/alcaffedelcappellaiomatto\/wp-json\/wp\/v2\/users\/32"}],"replies":[{"embeddable":true,"href":"https:\/\/www.lospaziobianco.it\/alcaffedelcappellaiomatto\/wp-json\/wp\/v2\/comments?post=4722"}],"version-history":[{"count":0,"href":"https:\/\/www.lospaziobianco.it\/alcaffedelcappellaiomatto\/wp-json\/wp\/v2\/posts\/4722\/revisions"}],"wp:featuredmedia":[{"embeddable":true,"href":"https:\/\/www.lospaziobianco.it\/alcaffedelcappellaiomatto\/wp-json\/wp\/v2\/media\/4724"}],"wp:attachment":[{"href":"https:\/\/www.lospaziobianco.it\/alcaffedelcappellaiomatto\/wp-json\/wp\/v2\/media?parent=4722"}],"wp:term":[{"taxonomy":"category","embeddable":true,"href":"https:\/\/www.lospaziobianco.it\/alcaffedelcappellaiomatto\/wp-json\/wp\/v2\/categories?post=4722"},{"taxonomy":"post_tag","embeddable":true,"href":"https:\/\/www.lospaziobianco.it\/alcaffedelcappellaiomatto\/wp-json\/wp\/v2\/tags?post=4722"}],"curies":[{"name":"wp","href":"https:\/\/api.w.org\/{rel}","templated":true}]}}