{"id":4652,"date":"2023-12-01T22:32:32","date_gmt":"2023-12-01T21:32:32","guid":{"rendered":"https:\/\/www.lospaziobianco.it\/alcaffedelcappellaiomatto\/?p=4652"},"modified":"2023-12-01T22:32:32","modified_gmt":"2023-12-01T21:32:32","slug":"aids-day-hiv","status":"publish","type":"post","link":"https:\/\/www.lospaziobianco.it\/alcaffedelcappellaiomatto\/aids-day-hiv\/","title":{"rendered":"AIDS Day: Cos&#8217;\u00e8 l&#8217;HIV"},"content":{"rendered":"<p>Una delle principali difficolt\u00e0 che ci sono state nel corso delle grandi campagne di prevenzione sull&#8217;AIDS \u00e8 stata quella di distinguere tra HIV e ADIS. Per farla il pi\u00f9 semplice possibile, l&#8217;HIV \u00e8 il <a href=\"https:\/\/it.wikipedia.org\/wiki\/HIV\" target=\"wiki\" rel=\"noopener\">virus<\/a> e l&#8217;AIDS \u00e8 la <a href=\"https:\/\/it.wikipedia.org\/wiki\/AIDS\" target=\"wiki\" rel=\"noopener\">malattia<\/a>. In particolare intorno all&#8217;HIV ci sono state varie leggende metropolitane che non sempre sono riuscite a passare presso il grande pubblico e non c&#8217;\u00e8 nessuno che abbia pi\u00f9 titoli di fugarle come gli istituti che queste malattie le studiano e le curano, come le due storie, realizzate dall&#8217;<em>Harvard College<\/em>, <em>What is HIV?<\/em> (<a href=\"https:\/\/phacsstudy.org\/cms_uploads\/Health%20Education%20and%20Communication%20Documents\/What_is_HIV.pdf\" target=\"pdf\" rel=\"noopener\">pdf<\/a>) e soprattutto <em>Living with HIV<\/em> (<a href=\"https:\/\/phacsstudy.org\/cms_uploads\/Health%20Education%20and%20Communication%20Documents\/Living_With_HIV_Comic.pdf\" target=\"pdf\" rel=\"noopener\">pdf<\/a>) che fanno decisamente chiarezza utilizzando, in particolare la prima, la tematica dei supereroi. Gli antiretrovirali, ovvero un <em>set<\/em> di farmaci studiati appositamente per trattare l&#8217;infezione da HIV, diventano l&#8217;<em>ARV Team<\/em>, vestono, quindi, gli sgargianti panni dei supereroi per combattere e sconfiggere il virus all&#8217;interno del corpo infettato.<br \/>\nEntrambi i fumetti (di una decina di pagine), realizzati da <strong>Claire Berman<\/strong> e <strong>Lauren Raimondo Gaffney<\/strong> raccontano in maniera puntuale e semplice tutto quel che c&#8217;\u00e8 da sapere: direi che vale la pena <a href=\"https:\/\/phacsstudy.org\/Community\/HIV-Disclosure-Comics\" target=\"out\" rel=\"noopener\">darci un&#8217;occhiata<\/a>.<\/p>\n<figure id=\"attachment_4653\" aria-describedby=\"caption-attachment-4653\" style=\"width: 1000px\" class=\"wp-caption aligncenter\"><img loading=\"lazy\" decoding=\"async\" src=\"http:\/\/www.lospaziobianco.it\/alcaffedelcappellaiomatto\/wp-content\/uploads\/sites\/4\/2023\/12\/arv_team.jpg\" alt=\"\" width=\"1000\" height=\"608\" class=\"size-full wp-image-4653\" srcset=\"https:\/\/www.lospaziobianco.it\/alcaffedelcappellaiomatto\/wp-content\/uploads\/sites\/4\/2023\/12\/arv_team.jpg 1000w, https:\/\/www.lospaziobianco.it\/alcaffedelcappellaiomatto\/wp-content\/uploads\/sites\/4\/2023\/12\/arv_team-300x182.jpg 300w, https:\/\/www.lospaziobianco.it\/alcaffedelcappellaiomatto\/wp-content\/uploads\/sites\/4\/2023\/12\/arv_team-768x467.jpg 768w\" sizes=\"auto, (max-width: 1000px) 100vw, 1000px\" \/><figcaption id=\"caption-attachment-4653\" class=\"wp-caption-text\">L&#8217;<em>Arv Team<\/em><\/figcaption><\/figure>\n","protected":false},"excerpt":{"rendered":"<p>Come usare l&#8217;iconografia dei supereroi per raccontare cos&#8217;\u00e8 l&#8217;HIV e come lo si combatte.<\/p>\n","protected":false},"author":32,"featured_media":4654,"comment_status":"open","ping_status":"closed","sticky":false,"template":"","format":"standard","meta":{"slim_seo":{"title":"AIDS Day: Cos'\u00e8 l'HIV - Al caff\u00e9 del Cappellaio Matto","description":"Come usare l'iconografia dei supereroi per raccontare cos'\u00e8 l'HIV e come lo si combatte."},"footnotes":""},"categories":[339],"tags":[230,552,1622,1621,1623],"class_list":["post-4652","post","type-post","status-publish","format-standard","has-post-thumbnail","hentry","category-la-scienza-con-i-supereroi","tag-aids","tag-aids-day","tag-claire-berman","tag-hiv","tag-lauren-raimondo-gaffney"],"_links":{"self":[{"href":"https:\/\/www.lospaziobianco.it\/alcaffedelcappellaiomatto\/wp-json\/wp\/v2\/posts\/4652","targetHints":{"allow":["GET"]}}],"collection":[{"href":"https:\/\/www.lospaziobianco.it\/alcaffedelcappellaiomatto\/wp-json\/wp\/v2\/posts"}],"about":[{"href":"https:\/\/www.lospaziobianco.it\/alcaffedelcappellaiomatto\/wp-json\/wp\/v2\/types\/post"}],"author":[{"embeddable":true,"href":"https:\/\/www.lospaziobianco.it\/alcaffedelcappellaiomatto\/wp-json\/wp\/v2\/users\/32"}],"replies":[{"embeddable":true,"href":"https:\/\/www.lospaziobianco.it\/alcaffedelcappellaiomatto\/wp-json\/wp\/v2\/comments?post=4652"}],"version-history":[{"count":0,"href":"https:\/\/www.lospaziobianco.it\/alcaffedelcappellaiomatto\/wp-json\/wp\/v2\/posts\/4652\/revisions"}],"wp:featuredmedia":[{"embeddable":true,"href":"https:\/\/www.lospaziobianco.it\/alcaffedelcappellaiomatto\/wp-json\/wp\/v2\/media\/4654"}],"wp:attachment":[{"href":"https:\/\/www.lospaziobianco.it\/alcaffedelcappellaiomatto\/wp-json\/wp\/v2\/media?parent=4652"}],"wp:term":[{"taxonomy":"category","embeddable":true,"href":"https:\/\/www.lospaziobianco.it\/alcaffedelcappellaiomatto\/wp-json\/wp\/v2\/categories?post=4652"},{"taxonomy":"post_tag","embeddable":true,"href":"https:\/\/www.lospaziobianco.it\/alcaffedelcappellaiomatto\/wp-json\/wp\/v2\/tags?post=4652"}],"curies":[{"name":"wp","href":"https:\/\/api.w.org\/{rel}","templated":true}]}}