{"id":4536,"date":"2023-06-19T21:35:10","date_gmt":"2023-06-19T19:35:10","guid":{"rendered":"https:\/\/www.lospaziobianco.it\/alcaffedelcappellaiomatto\/?p=4536"},"modified":"2023-07-14T09:59:15","modified_gmt":"2023-07-14T07:59:15","slug":"topolino-3525-un-tesseratto-per-domarlo","status":"publish","type":"post","link":"https:\/\/www.lospaziobianco.it\/alcaffedelcappellaiomatto\/topolino-3525-un-tesseratto-per-domarlo\/","title":{"rendered":"Topolino #3525: Un tesseratto per domarlo"},"content":{"rendered":"<p>Il riferimento del titolo non \u00e8 solo all&#8217;oggetto matematico protagonista de <em>La quadratura del quasar<\/em>, terzo episodio de <em>Il fattore gamma<\/em> di <strong>Alessandro Pastrovicchio<\/strong>, ma anche al modo in cui Topolino, Atomino Bip Bip e il professor Enigm lo usano per mettere nel sacco Gamma, il loro ipertecnologico avversario. E ovviamente il tesseratto \u00e8 anche protagonista dell&#8217;ultimo video della serie di 3 che ho dedicato alla fatica fantascientifica del minore dei fratelli Pastrovicchio:<\/p>\n<p><iframe loading=\"lazy\" title=\"#Topolino #3525: Un #tesseratto per domarlo\" width=\"1080\" height=\"608\" src=\"https:\/\/www.youtube.com\/embed\/_cjNTKRNB34?feature=oembed\" frameborder=\"0\" allow=\"accelerometer; autoplay; clipboard-write; encrypted-media; gyroscope; picture-in-picture; web-share\" referrerpolicy=\"strict-origin-when-cross-origin\" allowfullscreen><\/iframe><\/p>\n<p>L&#8217;unico aspetto scientifico veramente rilevante rimasto fuori \u00e8 quello relativo ai quasar, che in realt\u00e0 avevo promesso sarebbe stato approfondito in questo terzo e ultimo video. Il punto essenziale che mi preme ricordare \u00e8 che al centro della Via Lattea, la nostra galassia, <strong>non c&#8217;\u00e8<\/strong> un quasar. E questo nonostante al centro di ogni quasar dovrebbe esserci un buco nero supermassiccio. Si potrebbe dire, per semplificare, che una quasar risplende perch\u00e9 c&#8217;\u00e8 tantissima materia che sta cadendo verso il buco nero al centro. E questo \u00e8 anche il motivo per cui l&#8217;<em>Event Horizon Telescope<\/em> ha puntato i suoi strumenti al centro di due galassie che non hanno un quasar al centro, M87 e la nostra Via Lattea: senza il disturbo della quasar che circonda il buco nero \u00e8 stato possibile osservare la materia che spiraleggia fino ai confini dell&#8217;orizzonte degli eventi.<br \/>\nVorrei, per\u00f2, concludere con un paio di considerazioni puramente fumettistiche, anzi supereroistiche: innanzitutto fare notare il <em>design<\/em> <em>kyrbiano<\/em> dell&#8217;armatura di Gamma, e poi l&#8217;interessante legame psichico tra Topolino e Atomino nelle fasi finali della storia che a me ha fatto pensare a un qualcosa di molto simile a quello che avviene con Firestorm. Di quest&#8217;ultimo, per\u00f2, \u00e8 possibile che ne parleremo prima o poi in <a href=\"https:\/\/lospaziobianco.it\/alcaffedelcappellaiomatto\/category\/fumetti-e\/la-scienza-con-i-supereroi\/\" target=\"cappellaio\" rel=\"noopener\">altra serie di articoli<\/a> (o <a href=\"https:\/\/scienzasupereroi.substack.com\/\" target=\"newsletter\" rel=\"noopener\">video<\/a>).<\/p>\n","protected":false},"excerpt":{"rendered":"<p>Andiamo a scoprire i segreti matematici del tesseratto nel terzo e ultimo episodio de Il fattore gamma di Alessandro Pastrovicchio<\/p>\n","protected":false},"author":32,"featured_media":4539,"comment_status":"open","ping_status":"closed","sticky":false,"template":"","format":"standard","meta":{"slim_seo":{"title":"Topolino #3525: Un tesseratto per domarlo - Al caff\u00e9 del Cappellaio Matto","description":"Andiamo a scoprire i segreti matematici del tesseratto nel terzo e ultimo episodio de Il fattore gamma di Alessandro Pastrovicchio"},"footnotes":""},"categories":[345],"tags":[1480,1583,1596,120,1576,485,1584],"class_list":["post-4536","post","type-post","status-publish","format-standard","has-post-thumbnail","hentry","category-topolino-comics-science","tag-alessandro-pastrovicchio","tag-charles-hinton","tag-il-fattore-gamma","tag-matematica","tag-spaziotempo","tag-tesseratto","tag-victor-schlegel"],"_links":{"self":[{"href":"https:\/\/www.lospaziobianco.it\/alcaffedelcappellaiomatto\/wp-json\/wp\/v2\/posts\/4536","targetHints":{"allow":["GET"]}}],"collection":[{"href":"https:\/\/www.lospaziobianco.it\/alcaffedelcappellaiomatto\/wp-json\/wp\/v2\/posts"}],"about":[{"href":"https:\/\/www.lospaziobianco.it\/alcaffedelcappellaiomatto\/wp-json\/wp\/v2\/types\/post"}],"author":[{"embeddable":true,"href":"https:\/\/www.lospaziobianco.it\/alcaffedelcappellaiomatto\/wp-json\/wp\/v2\/users\/32"}],"replies":[{"embeddable":true,"href":"https:\/\/www.lospaziobianco.it\/alcaffedelcappellaiomatto\/wp-json\/wp\/v2\/comments?post=4536"}],"version-history":[{"count":0,"href":"https:\/\/www.lospaziobianco.it\/alcaffedelcappellaiomatto\/wp-json\/wp\/v2\/posts\/4536\/revisions"}],"wp:featuredmedia":[{"embeddable":true,"href":"https:\/\/www.lospaziobianco.it\/alcaffedelcappellaiomatto\/wp-json\/wp\/v2\/media\/4539"}],"wp:attachment":[{"href":"https:\/\/www.lospaziobianco.it\/alcaffedelcappellaiomatto\/wp-json\/wp\/v2\/media?parent=4536"}],"wp:term":[{"taxonomy":"category","embeddable":true,"href":"https:\/\/www.lospaziobianco.it\/alcaffedelcappellaiomatto\/wp-json\/wp\/v2\/categories?post=4536"},{"taxonomy":"post_tag","embeddable":true,"href":"https:\/\/www.lospaziobianco.it\/alcaffedelcappellaiomatto\/wp-json\/wp\/v2\/tags?post=4536"}],"curies":[{"name":"wp","href":"https:\/\/api.w.org\/{rel}","templated":true}]}}