{"id":2501,"date":"2019-11-09T17:42:35","date_gmt":"2019-11-09T16:42:35","guid":{"rendered":"https:\/\/www.lospaziobianco.it\/alcaffedelcappellaiomatto\/?p=2501"},"modified":"2019-11-09T17:42:35","modified_gmt":"2019-11-09T16:42:35","slug":"another-brick-in-the-wall","status":"publish","type":"post","link":"https:\/\/www.lospaziobianco.it\/alcaffedelcappellaiomatto\/another-brick-in-the-wall\/","title":{"rendered":"Another brick in the wall"},"content":{"rendered":"<p>Uno dei corti d&#8217;animazione non <em>disneyana<\/em> cui sono pi\u00f9 affezionato \u00e8 il video musicale di <em>Another Brick In The Wall, Part Two<\/em> dei <strong><em>Pink Floyd<\/em><\/strong>. Estratto da <em>The Wall<\/em>, <em>concept<\/em> album uscito il 30 novembre del 1979, nonch\u00e9 undicesimo album in studio della <em>band<\/em> britannica, presenta una serie di immagini inequivocabilmente di denuncia nei confronti di un certo modo di intendere l&#8217;educazione scolastica. La forza della canzone, per\u00f2, come di tutto l&#8217;album, andava ben oltre il suo tema portante e, in un certo senso, poteva essere considerato come un inno alla libert\u00e0. Non \u00e8 un caso, infatti, che il 21 luglio del 1990, meno di un anno dopo la caduta del <a href=\"https:\/\/it.wikipedia.org\/wiki\/Muro_di_Berlino\" target=\"wiki\" rel=\"noopener noreferrer\">muro di Berlino<\/a>, <strong>Roger Waters<\/strong>, ex bassista dei <em>Pink Floyd<\/em> (aveva lasciato il gruppo nel 1985), realizza un mega concerto a Berlino: una esecuzione dal vivo di <em>The Wall<\/em>.<\/p>\n<p><iframe loading=\"lazy\" title=\"Pink Floyd - Another Brick In The Wall, Part Two (Official Music Video)\" width=\"1080\" height=\"810\" src=\"https:\/\/www.youtube.com\/embed\/HrxX9TBj2zY?feature=oembed\" frameborder=\"0\" allow=\"accelerometer; autoplay; clipboard-write; encrypted-media; gyroscope; picture-in-picture; web-share\" referrerpolicy=\"strict-origin-when-cross-origin\" allowfullscreen><\/iframe><\/p>\n<p>E in effetti <em>Another brick in the wall<\/em>, visto il video animato, \u00e8 perfetta per rappresentare quel 9 novembre di 30 anni fa, quando i berlinesi dell&#8217;est si riversarono per le strade andando nei posti di controllo del muro di confine per attraversarlo. Questo atteggiamento, pacifico e pieno di felicit\u00e0, era stato generato da <strong>G\u00fcnter Schabowski<\/strong>, membro del politburo del Partito Socialista Unitario della Germania e ministro della propaganda della DDR, che in un&#8217;intervista al corrispondente dell&#8217;ANSA <strong>Riccardo Ehrman<\/strong> disse:<\/p>\n<blockquote><p>Per accontentare i nostri alleati, \u00e8 stata presa la decisione di aprire i posti di blocco. (&#8230;) Se sono stato informato correttamente quest&#8217;ordine diventa efficace immediatamente.<\/p><\/blockquote>\n<p>Quel giorno, infatti, il partito comunista a capo della DDR aveva deciso che tutti i berlinesi dell&#8217;Est avrebbero potuto attraversare il confine e andare a Berlino Ovest. Cos\u00ec Ehrman chiese a Schabowski quando le nuove regole per il passaggio tra le due met\u00e0 della citt\u00e0 sarebbero entrate in vigore. E il ministro, non avendo alcuna indicazione precisa, di fatto diede il via all&#8217;esodio dall&#8217;Est all&#8217;Ovest con la sua intervista: <strong>erano le 18:53 del 9 novembre del 1989<\/strong>, e da quel momento in poi le immagini delle persone felici in cima al muro che lo attraversavano per entrare nell&#8217;Occidente fecero il giro del mondo, cambiando un altro po&#8217; il corso della storia.<\/p>\n<figure id=\"attachment_2503\" aria-describedby=\"caption-attachment-2503\" style=\"width: 700px\" class=\"wp-caption aligncenter\"><img loading=\"lazy\" decoding=\"async\" src=\"https:\/\/lospaziobianco.it\/alcaffedelcappellaiomatto\/wp-content\/uploads\/sites\/4\/2019\/11\/muro_berlino_caduta.jpg\" alt=\"\" width=\"700\" height=\"394\" class=\"size-full wp-image-2503\" srcset=\"https:\/\/www.lospaziobianco.it\/alcaffedelcappellaiomatto\/wp-content\/uploads\/sites\/4\/2019\/11\/muro_berlino_caduta.jpg 700w, https:\/\/www.lospaziobianco.it\/alcaffedelcappellaiomatto\/wp-content\/uploads\/sites\/4\/2019\/11\/muro_berlino_caduta-300x169.jpg 300w\" sizes=\"auto, (max-width: 700px) 100vw, 700px\" \/><figcaption id=\"caption-attachment-2503\" class=\"wp-caption-text\">via <a href=\"https:\/\/www.rai.it\/ufficiostampa\/articoli\/2019\/11\/Rai-per-il-30-anniversario-della-caduta-del-Muro-di-Berlino-30ef221c-a57d-4e59-ba88-8a2969aa86e2.html\" target=\"rai\" rel=\"noopener noreferrer\">Rai<\/a><\/figcaption><\/figure>\n","protected":false},"excerpt":{"rendered":"<p>Uno dei corti d&#8217;animazione non disneyana cui sono pi\u00f9 affezionato \u00e8 il video musicale di Another Brick In The Wall, Part Two dei Pink Floyd. Estratto da The Wall, concept album uscito il 30 novembre del 1979, nonch\u00e9 undicesimo album in studio della band britannica, presenta una serie di immagini inequivocabilmente di denuncia nei confronti di un certo modo di intendere l&#8217;educazione scolastica. La forza della canzone, per\u00f2, come di tutto l&#8217;album, andava ben oltre il suo tema portante e, in un certo senso, poteva essere considerato come un inno alla libert\u00e0. Non \u00e8 un caso, infatti, che il 21<\/p>\n","protected":false},"author":32,"featured_media":2504,"comment_status":"open","ping_status":"closed","sticky":false,"template":"","format":"standard","meta":{"slim_seo":{"title":"Another brick in the wall - Al caff\u00e9 del Cappellaio Matto","description":"Uno dei corti d'animazione non disneyana cui sono pi\u00f9 affezionato \u00e8 il video musicale di Another Brick In The Wall, Part Two dei Pink Floyd . Estratto da The Wa"},"footnotes":""},"categories":[13],"tags":[70,982,980,981,531],"class_list":["post-2501","post","type-post","status-publish","format-standard","has-post-thumbnail","hentry","category-musica-e-fumetti","tag-animazione","tag-muro-di-berlino","tag-pink-floyd","tag-rock","tag-storia"],"_links":{"self":[{"href":"https:\/\/www.lospaziobianco.it\/alcaffedelcappellaiomatto\/wp-json\/wp\/v2\/posts\/2501","targetHints":{"allow":["GET"]}}],"collection":[{"href":"https:\/\/www.lospaziobianco.it\/alcaffedelcappellaiomatto\/wp-json\/wp\/v2\/posts"}],"about":[{"href":"https:\/\/www.lospaziobianco.it\/alcaffedelcappellaiomatto\/wp-json\/wp\/v2\/types\/post"}],"author":[{"embeddable":true,"href":"https:\/\/www.lospaziobianco.it\/alcaffedelcappellaiomatto\/wp-json\/wp\/v2\/users\/32"}],"replies":[{"embeddable":true,"href":"https:\/\/www.lospaziobianco.it\/alcaffedelcappellaiomatto\/wp-json\/wp\/v2\/comments?post=2501"}],"version-history":[{"count":0,"href":"https:\/\/www.lospaziobianco.it\/alcaffedelcappellaiomatto\/wp-json\/wp\/v2\/posts\/2501\/revisions"}],"wp:featuredmedia":[{"embeddable":true,"href":"https:\/\/www.lospaziobianco.it\/alcaffedelcappellaiomatto\/wp-json\/wp\/v2\/media\/2504"}],"wp:attachment":[{"href":"https:\/\/www.lospaziobianco.it\/alcaffedelcappellaiomatto\/wp-json\/wp\/v2\/media?parent=2501"}],"wp:term":[{"taxonomy":"category","embeddable":true,"href":"https:\/\/www.lospaziobianco.it\/alcaffedelcappellaiomatto\/wp-json\/wp\/v2\/categories?post=2501"},{"taxonomy":"post_tag","embeddable":true,"href":"https:\/\/www.lospaziobianco.it\/alcaffedelcappellaiomatto\/wp-json\/wp\/v2\/tags?post=2501"}],"curies":[{"name":"wp","href":"https:\/\/api.w.org\/{rel}","templated":true}]}}