{"id":2397,"date":"2019-10-04T21:37:57","date_gmt":"2019-10-04T19:37:57","guid":{"rendered":"https:\/\/www.lospaziobianco.it\/alcaffedelcappellaiomatto\/?p=2397"},"modified":"2019-10-04T21:37:57","modified_gmt":"2019-10-04T19:37:57","slug":"la-matematica-delle-meraviglie","status":"publish","type":"post","link":"https:\/\/www.lospaziobianco.it\/alcaffedelcappellaiomatto\/la-matematica-delle-meraviglie\/","title":{"rendered":"La matematica delle meraviglie"},"content":{"rendered":"<p>Il <em>tea party<\/em>, nell&#8217;illustrazione di <a href=\"https:\/\/en.wikipedia.org\/wiki\/John_Tenniel\" target=\"wiki\" rel=\"noopener noreferrer\"><strong>John Tenniel<\/strong><\/a>, \u00e8 una delle scene pi\u00f9 note di <a href=\"http:\/\/dropseaofulaula.blogspot.it\/2010\/06\/alice-nel-paese-delle-meraviglie.html\" target=\"dropsea\" rel=\"noopener noreferrer\"><em>Alice nel Paese delle Meraviglie<\/em><\/a>. I riferimenti matematici vanno dal <a href=\"http:\/\/dropseaofulaula.blogspot.it\/2013\/09\/i-rompicapi-di-alice-lorologio-bizzarro.html\" target=\"dropsea\" rel=\"noopener noreferrer\">tempo<\/a> ai <a href=\"http:\/\/dropseaofulaula.blogspot.it\/2013\/12\/i-paralipomeni-di-alice-alice.html\" target=\"dropsea\" rel=\"noopener noreferrer\">quaternioni<\/a>, per cui \u00e8 abbastanza ovvio che sia diventato il <em>banner<\/em> pi\u00f9 o meno ufficiale del <a href=\"https:\/\/xmau.com\/wp\/matematti\/carnevali\/\" target=\"mau\" rel=\"noopener noreferrer\">Carnevale della Matematica<\/a>. Il suo esordio \u00e8 avvenuto 10 anni fa, sulle pagine di <em>Science Backstage<\/em>, all&#8217;epoca ospitato su <em>Blogosfere<\/em>, oggi diventato indipendente. <a href=\"https:\/\/sciencebackstage.blogspot.com\/2009\/10\/carnevale-della-matematica-18.html\" target=\"sciback\" rel=\"noopener noreferrer\">Quell&#8217;edizione<\/a>, che era anche la #18, era anche la prima edizione del Carnevale ospitata e assemblata dal sottoscritto. Ed \u00e8 per ricordare quell&#8217;evento e i dieci anni del <em>banner<\/em> del Carnevale che il 14 ottobre 2019 ho pensato di ospitare l&#8217;edizione #133 qui <em>Al Caff\u00e8 del Cappellaio Matto<\/em>.<br \/>\nDetto ci\u00f2, se avete un blog <em>matematico<\/em>, e avete scritto o scriverete qualcosa di matematico entro e non oltre il 12 ottobre, segnalatemi i vostri contributi con un piccolo <em>abstract<\/em>: se li riterr\u00f2 validi, entreranno a far parte dell&#8217;edizione #133, che sar\u00e0 la terza delle <a href=\"https:\/\/lospaziobianco.it\/alcaffedelcappellaiomatto\/category\/carnevali-di-scienza\/carnevale-della-matematica\/\" target=\"cappellaio\" rel=\"noopener noreferrer\">edizioni qui ospitate<\/a>!<\/p>\n<p><img loading=\"lazy\" decoding=\"async\" src=\"https:\/\/1.bp.blogspot.com\/-eJ-r9cUykxM\/USY7H9wSV5I\/AAAAAAAAGgA\/vqPgSmxnPd8\/s186\/20130221-mail.png\" width=\"186\" height=\"21\" class=\"aligncenter size-full\" \/><\/p>\n","protected":false},"excerpt":{"rendered":"<p>Il tea party, nell&#8217;illustrazione di John Tenniel, \u00e8 una delle scene pi\u00f9 note di Alice nel Paese delle Meraviglie. I riferimenti matematici vanno dal tempo ai quaternioni, per cui \u00e8 abbastanza ovvio che sia diventato il banner pi\u00f9 o meno ufficiale del Carnevale della Matematica. Il suo esordio \u00e8 avvenuto 10 anni fa, sulle pagine di Science Backstage, all&#8217;epoca ospitato su Blogosfere, oggi diventato indipendente. Quell&#8217;edizione, che era anche la #18, era anche la prima edizione del Carnevale ospitata e assemblata dal sottoscritto. Ed \u00e8 per ricordare quell&#8217;evento e i dieci anni del banner del Carnevale che il 14 ottobre<\/p>\n","protected":false},"author":32,"featured_media":2398,"comment_status":"open","ping_status":"closed","sticky":false,"template":"","format":"standard","meta":{"slim_seo":{"title":"La matematica delle meraviglie - Al caff\u00e9 del Cappellaio Matto","description":"Il tea party , nell'illustrazione di John Tenniel , \u00e8 una delle scene pi\u00f9 note di Alice nel Paese delle Meraviglie . I riferimenti matematici vanno dal tempo ai"},"footnotes":""},"categories":[7],"tags":[120],"class_list":["post-2397","post","type-post","status-publish","format-standard","has-post-thumbnail","hentry","category-carnevale-della-matematica","tag-matematica"],"_links":{"self":[{"href":"https:\/\/www.lospaziobianco.it\/alcaffedelcappellaiomatto\/wp-json\/wp\/v2\/posts\/2397","targetHints":{"allow":["GET"]}}],"collection":[{"href":"https:\/\/www.lospaziobianco.it\/alcaffedelcappellaiomatto\/wp-json\/wp\/v2\/posts"}],"about":[{"href":"https:\/\/www.lospaziobianco.it\/alcaffedelcappellaiomatto\/wp-json\/wp\/v2\/types\/post"}],"author":[{"embeddable":true,"href":"https:\/\/www.lospaziobianco.it\/alcaffedelcappellaiomatto\/wp-json\/wp\/v2\/users\/32"}],"replies":[{"embeddable":true,"href":"https:\/\/www.lospaziobianco.it\/alcaffedelcappellaiomatto\/wp-json\/wp\/v2\/comments?post=2397"}],"version-history":[{"count":0,"href":"https:\/\/www.lospaziobianco.it\/alcaffedelcappellaiomatto\/wp-json\/wp\/v2\/posts\/2397\/revisions"}],"wp:featuredmedia":[{"embeddable":true,"href":"https:\/\/www.lospaziobianco.it\/alcaffedelcappellaiomatto\/wp-json\/wp\/v2\/media\/2398"}],"wp:attachment":[{"href":"https:\/\/www.lospaziobianco.it\/alcaffedelcappellaiomatto\/wp-json\/wp\/v2\/media?parent=2397"}],"wp:term":[{"taxonomy":"category","embeddable":true,"href":"https:\/\/www.lospaziobianco.it\/alcaffedelcappellaiomatto\/wp-json\/wp\/v2\/categories?post=2397"},{"taxonomy":"post_tag","embeddable":true,"href":"https:\/\/www.lospaziobianco.it\/alcaffedelcappellaiomatto\/wp-json\/wp\/v2\/tags?post=2397"}],"curies":[{"name":"wp","href":"https:\/\/api.w.org\/{rel}","templated":true}]}}