{"id":1284,"date":"2018-10-01T20:00:35","date_gmt":"2018-10-01T18:00:35","guid":{"rendered":"https:\/\/www.lospaziobianco.it\/alcaffedelcappellaiomatto\/?p=1284"},"modified":"2018-09-18T00:57:29","modified_gmt":"2018-09-17T22:57:29","slug":"mr-fitz-e-sempre-piu-depresso","status":"publish","type":"post","link":"https:\/\/www.lospaziobianco.it\/alcaffedelcappellaiomatto\/mr-fitz-e-sempre-piu-depresso\/","title":{"rendered":"Mr. Fitz \u00e8 sempre pi\u00f9 depresso"},"content":{"rendered":"<p>Con la quarta striscia il <a href=\"https:\/\/lospaziobianco.it\/alcaffedelcappellaiomatto\/la-depressione-di-mr-fitz\/\" target=\"lsb\">depresso professor Mr. Fitz<\/a> di <strong>David Finkle<\/strong> arriva finalmente in classe:<\/p>\n<p><img loading=\"lazy\" decoding=\"async\" src=\"https:\/\/lospaziobianco.it\/alcaffedelcappellaiomatto\/wp-content\/uploads\/sites\/4\/2018\/09\/20180924-mrfitz_depressed04.jpg\" alt=\"\" width=\"700\" height=\"199\" class=\"aligncenter size-full wp-image-1285\" srcset=\"https:\/\/www.lospaziobianco.it\/alcaffedelcappellaiomatto\/wp-content\/uploads\/sites\/4\/2018\/09\/20180924-mrfitz_depressed04.jpg 700w, https:\/\/www.lospaziobianco.it\/alcaffedelcappellaiomatto\/wp-content\/uploads\/sites\/4\/2018\/09\/20180924-mrfitz_depressed04-300x85.jpg 300w\" sizes=\"auto, (max-width: 700px) 100vw, 700px\" \/><\/p>\n<p><em>&#8211; Sembra depresso, Mr. Fitz<br \/>\n&#8211; Non riesco a immaginare perch\u00e9.<br \/>\n&#8211; Dirth ((Suona come <em>dearth<\/em>, <em>scarsit\u00e0<\/em>, e direi che il nome \u00e8 abbastanza indicativo)), per favore, mettiti a lavorare.<br \/>\n&#8211; Non voglio! Odio la scuola! Questa classe \u00e8 <strong>stupida<\/strong>!<br \/>\n&#8211; Sembra ancora pi\u00f9 depresso, Mr. Fitz.<br \/>\n&#8211; Immagino che sia cos\u00ec.<\/em><\/p>\n<p>Due parole a proposito dell&#8217;odio per la scuola: questo pu\u00f2 essere di due tipi, distruttivo e costruttivo. Quando si \u00e8 presi dal secondo, si studia per andare via dai banchi il prima possibile, ma quando \u00e8 distruttivo, direi che c&#8217;\u00e8 veramente poco da fare, come ha sperimentato Mr. Fitz in questa quarta striscia.<\/p>\n","protected":false},"excerpt":{"rendered":"<p>Con la quarta striscia il depresso professor Mr. Fitz di David Finkle arriva finalmente in classe: &#8211; Sembra depresso, Mr. Fitz &#8211; Non riesco a immaginare perch\u00e9. &#8211; Dirth ((Suona come dearth, scarsit\u00e0, e direi che il nome \u00e8 abbastanza indicativo)), per favore, mettiti a lavorare. &#8211; Non voglio! Odio la scuola! Questa classe \u00e8 stupida! &#8211; Sembra ancora pi\u00f9 depresso, Mr. Fitz. &#8211; Immagino che sia cos\u00ec. Due parole a proposito dell&#8217;odio per la scuola: questo pu\u00f2 essere di due tipi, distruttivo e costruttivo. Quando si \u00e8 presi dal secondo, si studia per andare via dai banchi il prima<\/p>\n","protected":false},"author":32,"featured_media":1247,"comment_status":"open","ping_status":"closed","sticky":false,"template":"","format":"standard","meta":{"slim_seo":{"title":"Mr. Fitz \u00e8 sempre pi\u00f9 depresso - Al caff\u00e9 del Cappellaio Matto","description":"Con la quarta striscia il depresso professor Mr. Fitz di David Finkle arriva finalmente in classe: - Sembra depresso, Mr. Fitz - Non riesco a immaginare perch\u00e9."},"footnotes":""},"categories":[116],"tags":[176,487,121],"class_list":["post-1284","post","type-post","status-publish","format-standard","has-post-thumbnail","hentry","category-fumetti-a-scuola","tag-david-finkle","tag-mr-fitz","tag-scuola"],"_links":{"self":[{"href":"https:\/\/www.lospaziobianco.it\/alcaffedelcappellaiomatto\/wp-json\/wp\/v2\/posts\/1284","targetHints":{"allow":["GET"]}}],"collection":[{"href":"https:\/\/www.lospaziobianco.it\/alcaffedelcappellaiomatto\/wp-json\/wp\/v2\/posts"}],"about":[{"href":"https:\/\/www.lospaziobianco.it\/alcaffedelcappellaiomatto\/wp-json\/wp\/v2\/types\/post"}],"author":[{"embeddable":true,"href":"https:\/\/www.lospaziobianco.it\/alcaffedelcappellaiomatto\/wp-json\/wp\/v2\/users\/32"}],"replies":[{"embeddable":true,"href":"https:\/\/www.lospaziobianco.it\/alcaffedelcappellaiomatto\/wp-json\/wp\/v2\/comments?post=1284"}],"version-history":[{"count":0,"href":"https:\/\/www.lospaziobianco.it\/alcaffedelcappellaiomatto\/wp-json\/wp\/v2\/posts\/1284\/revisions"}],"wp:featuredmedia":[{"embeddable":true,"href":"https:\/\/www.lospaziobianco.it\/alcaffedelcappellaiomatto\/wp-json\/wp\/v2\/media\/1247"}],"wp:attachment":[{"href":"https:\/\/www.lospaziobianco.it\/alcaffedelcappellaiomatto\/wp-json\/wp\/v2\/media?parent=1284"}],"wp:term":[{"taxonomy":"category","embeddable":true,"href":"https:\/\/www.lospaziobianco.it\/alcaffedelcappellaiomatto\/wp-json\/wp\/v2\/categories?post=1284"},{"taxonomy":"post_tag","embeddable":true,"href":"https:\/\/www.lospaziobianco.it\/alcaffedelcappellaiomatto\/wp-json\/wp\/v2\/tags?post=1284"}],"curies":[{"name":"wp","href":"https:\/\/api.w.org\/{rel}","templated":true}]}}